{"id":121,"date":"2017-12-28T11:41:01","date_gmt":"2017-12-28T17:41:01","guid":{"rendered":"http:\/\/intelisis.com\/blog\/?p=121"},"modified":"2022-12-22T11:36:45","modified_gmt":"2022-12-22T17:36:45","slug":"la-inminente-tendencia-transformacion-digital","status":"publish","type":"post","link":"https:\/\/www.intelisis.com\/blog\/la-inminente-tendencia-transformacion-digital\/","title":{"rendered":"La inminente tendencia de la Transformaci\u00f3n Digital"},"content":{"rendered":"<div class=\"_2cuy _3dgx\" data-block=\"true\" data-editor=\"85qat\" data-offset-key=\"d1id-0-0\">\n<div class=\"_1mf _1mj\" style=\"text-align: justify;\" data-offset-key=\"d1id-0-0\">\n<p><em>La transformaci\u00f3n digital es parte de este camino de innovaci\u00f3n que comenz\u00f3 con la revoluci\u00f3n industrial en el siglo XVIII, y es m\u00e1s que solo uso de plataformas de comunicaci\u00f3n digitales y herramientas tecnol\u00f3gicas.<\/em><\/p>\n<\/div>\n<div style=\"text-align: left;\" data-offset-key=\"d1id-0-0\"><\/div>\n<\/div>\n<div class=\"_2cuy _3dgx\" style=\"text-align: justify;\" data-block=\"true\" data-editor=\"85qat\" data-offset-key=\"5mgik-0-0\">\n<div class=\"_1mf _1mj\" data-offset-key=\"5mgik-0-0\">\n<p><span data-offset-key=\"5mgik-0-0\">La palabra transformaci\u00f3n digital es un t\u00e9rmino que en los \u00faltimos tiempos ha empezado a tener una repercusi\u00f3n de suma importancia en el \u00e1mbito de los negocios, sin importar el sector en el que se encuentre o el tama\u00f1o de la empresa en cuesti\u00f3n, la inminente evoluci\u00f3n del comportamiento humano a dirigido los esfuerzos comerciales a aquellas herramientas que mayor poder han adquirido en los tiempos modernos.<\/span><\/p>\n<\/div>\n<div data-offset-key=\"5mgik-0-0\"><\/div>\n<\/div>\n<div class=\"_2cuy _3dgx\" style=\"text-align: justify;\" data-block=\"true\" data-editor=\"85qat\" data-offset-key=\"510og-0-0\">\n<div class=\"_1mf _1mj\" data-offset-key=\"510og-0-0\">\n<p><span data-offset-key=\"510og-0-0\">Atr\u00e1s quedaron las \u00e9pocas en donde las empresas se limitaban a atender asuntos propios y ofrecer productos y servicios conforme a sus capacidades y oportunidades, hoy el cliente es la piedra angular del \u00e9xito de los negocios y ha re dirigido los conceptos tradicionales de atenci\u00f3n, calificaci\u00f3n y selecci\u00f3n de marcas.<\/span><\/p>\n<\/div>\n<div data-offset-key=\"510og-0-0\"><\/div>\n<\/div>\n<div class=\"_2cuy _3dgx\" style=\"text-align: justify;\" data-block=\"true\" data-editor=\"85qat\" data-offset-key=\"f0ve4-0-0\">\n<div class=\"_1mf _1mj\" data-offset-key=\"f0ve4-0-0\">\n<p><span data-offset-key=\"f0ve4-0-0\">La espacio digital es el lugar en el que hoy por hoy se llevan a cabo muchos de estos nuevos procesos, pero para estar al d\u00eda y no perderse en el camino a la integraci\u00f3n este ecosistema es necesario conocer algunos aspectos esenciales.<\/span><\/p>\n<\/div>\n<div data-offset-key=\"f0ve4-0-0\"><\/div>\n<div data-offset-key=\"f0ve4-0-0\"><\/div>\n<\/div>\n<h2 class=\"_1mf _1mj\" style=\"text-align: left;\" data-offset-key=\"bkbpe-0-0\"><span data-offset-key=\"bkbpe-0-0\">Elementos clave de la transformaci\u00f3n digital<\/span><\/h2>\n<div style=\"text-align: left;\" data-offset-key=\"bkbpe-0-0\"><\/div>\n<div class=\"_2cuy _3dgx\" style=\"text-align: justify;\" data-block=\"true\" data-editor=\"85qat\" data-offset-key=\"es7sr-0-0\">\n<div class=\"_1mf _1mj\" data-offset-key=\"es7sr-0-0\">\n<p><strong>Entender y atender la transformaci\u00f3n. <\/strong><span data-offset-key=\"es7sr-0-1\">El camino que conduce a la transformaci\u00f3n digital es m\u00e1s que solo adoptar nuevas tecnolog\u00edas o conducirse por los principales canales de comunicaci\u00f3n, se trata de entender el \u00bfporque?, \u00bfc\u00f3mo?, \u00bfdonde? de formar parte.<\/span><\/p>\n<\/div>\n<div data-offset-key=\"es7sr-0-0\"><\/div>\n<\/div>\n<div class=\"_2cuy _3dgx\" style=\"text-align: justify;\" data-block=\"true\" data-editor=\"85qat\" data-offset-key=\"2vcog-0-0\">\n<div class=\"_1mf _1mj\" data-offset-key=\"2vcog-0-0\">\n<p><span data-offset-key=\"2vcog-0-0\">Esto se entiende que usar tecnolog\u00eda de punta no sirve para resolver los negocios si no se tiene claro los objetivos a atender, o que si el uso de plataformas digitales es la \u00fanica herramienta necesaria para llegara los clientes, o que si el uso de estas son exclusivas de \u00e1reas como direcci\u00f3n, o ventas o marketing, el verdadero objetivo es unificar todas las ramas de negocio, de esta manera obtener el control total y conjunto de la empresa como un solo elemento, pero sin descuidar los objetivos primordiales de cada uno, de lo contrario solo servir\u00e1 para minimizar algunos aspectos y no tendr\u00e1 el impacto deseado.<\/span><\/p>\n<\/div>\n<div data-offset-key=\"2vcog-0-0\"><\/div>\n<div data-offset-key=\"2vcog-0-0\"><\/div>\n<\/div>\n<div class=\"_2cuy _3dgx\" style=\"text-align: justify;\" data-block=\"true\" data-editor=\"85qat\" data-offset-key=\"bru0r-0-0\">\n<div class=\"_1mf _1mj\" data-offset-key=\"bru0r-0-0\">\n<p><span data-offset-key=\"bru0r-0-0\"><strong>Formar parte de la generaci\u00f3n actual.<\/strong> <\/span><span data-offset-key=\"bru0r-0-1\">El ejemplo m\u00e1s claro de esto son las generaciones humanas, que han crecido, desarrollado y basado su entorno en base a las herramientas de \u201cmoda\u201d, esto refleja una adaptaci\u00f3n casi inmediata a tecnolog\u00edas aprovechando en mayor medida los beneficios y oportunidades que estas ofrecen, en cambio las generaciones m\u00e1s antiguas han visto complicaciones a la hora de adaptarse al uso de nuevas herramientas.<\/span><\/p>\n<\/div>\n<div data-offset-key=\"bru0r-0-0\"><\/div>\n<\/div>\n<div class=\"_2cuy _3dgx\" style=\"text-align: justify;\" data-block=\"true\" data-editor=\"85qat\" data-offset-key=\"d7pu0-0-0\">\n<div class=\"_1mf _1mj\" data-offset-key=\"d7pu0-0-0\">\n<p><span data-offset-key=\"d7pu0-0-0\">Lo mismo ocurre a nivel organizaci\u00f3n, aquellas empresas que nacen, deben hacerlo inmersos en esta tecnolog\u00eda, esto les otorgar\u00e1 un empoderamiento para poder hacer frente incluso a las empresas tradicionales y de mayor abolengo en el mercado, lo que se traduce en igualdad de oportunidades.<\/span><\/p>\n<\/div>\n<div data-offset-key=\"d7pu0-0-0\"><\/div>\n<\/div>\n<div class=\"_2cuy _3dgx\" style=\"text-align: justify;\" data-block=\"true\" data-editor=\"85qat\" data-offset-key=\"1j29n-0-0\">\n<div class=\"_1mf _1mj\" data-offset-key=\"1j29n-0-0\">\n<p><strong>Valor agregado. <\/strong><span data-offset-key=\"1j29n-0-1\">En t\u00e9rminos de competitividad en el mercado, existe un elemento b\u00e1sico pero de gran importancia en el momento de decisi\u00f3n entre una empresa y otra; el valor agregado, ese que distingue y da un plus a las empresas, es aqu\u00ed donde lo digital toma la delantera, la capacidad de atender al consumidor de forma inmediata, brindar un servicio o producto personalizado, mejorar los procesos de producci\u00f3n que se traduce en reducci\u00f3n de costos de venta, as\u00ed como facilitar la interacci\u00f3n en los procesos de compra, son conceptos que benefician a los clientes y permiten la aceptaci\u00f3n y recomendaci\u00f3n por parte del mismo hacia el mercado potencial.<\/span><\/p>\n<\/div>\n<div data-offset-key=\"1j29n-0-0\"><\/div>\n<\/div>\n<div class=\"_2cuy _3dgx\" style=\"text-align: justify;\" data-block=\"true\" data-editor=\"85qat\" data-offset-key=\"fh4aj-0-0\">\n<div class=\"_1mf _1mj\" data-offset-key=\"fh4aj-0-0\">\n<p><strong>El cliente es el rey.<\/strong><span data-offset-key=\"fh4aj-0-1\"> El concepto de la industria digital o 4.0, es un paso m\u00e1s en el proceso de transformaci\u00f3n que ha venido evolucionado a trav\u00e9s de los tiempos, entendiendo que el cliente es el elemento principal del mercado actual, en donde funge como juez y jurado de las empresas, el mismo que ahora puede con un mensaje mejorar o incluso da\u00f1ar la imagen de una compa\u00f1\u00eda; busca atenci\u00f3n \u00fanica, productos espec\u00edficos, simplicidad, facilidad, informaci\u00f3n y ayuda para lograr una acci\u00f3n de compra, lo que pone a prueba la capacidad de la empresa de ofrecer esto y m\u00e1s a cada individuo interesado en ella.<\/span><\/p>\n<\/div>\n<div data-offset-key=\"fh4aj-0-0\">\n<p><img loading=\"lazy\" decoding=\"async\" class=\"aligncenter size-600 wp-image-122\" src=\"http:\/\/intelisis.com\/blog\/wp-content\/uploads\/2017\/12\/Untitled-design-24-600x600.jpg\" alt=\"customer_choosing_one_trend_in_tablet\" width=\"600\" height=\"600\" srcset=\"https:\/\/www.intelisis.com\/blog\/wp-content\/uploads\/2017\/12\/Untitled-design-24-600x600.jpg 600w, https:\/\/www.intelisis.com\/blog\/wp-content\/uploads\/2017\/12\/Untitled-design-24-500x500.jpg 500w, https:\/\/www.intelisis.com\/blog\/wp-content\/uploads\/2017\/12\/Untitled-design-24-100x100.jpg 100w, https:\/\/www.intelisis.com\/blog\/wp-content\/uploads\/2017\/12\/Untitled-design-24-700x700.jpg 700w, https:\/\/www.intelisis.com\/blog\/wp-content\/uploads\/2017\/12\/Untitled-design-24-150x150.jpg 150w, https:\/\/www.intelisis.com\/blog\/wp-content\/uploads\/2017\/12\/Untitled-design-24-300x300.jpg 300w, https:\/\/www.intelisis.com\/blog\/wp-content\/uploads\/2017\/12\/Untitled-design-24-768x768.jpg 768w, https:\/\/www.intelisis.com\/blog\/wp-content\/uploads\/2017\/12\/Untitled-design-24-66x66.jpg 66w, https:\/\/www.intelisis.com\/blog\/wp-content\/uploads\/2017\/12\/Untitled-design-24-200x200.jpg 200w, https:\/\/www.intelisis.com\/blog\/wp-content\/uploads\/2017\/12\/Untitled-design-24-400x400.jpg 400w, https:\/\/www.intelisis.com\/blog\/wp-content\/uploads\/2017\/12\/Untitled-design-24.jpg 800w\" sizes=\"auto, (max-width: 600px) 100vw, 600px\" \/><\/p>\n<\/div>\n<\/div>\n<div class=\"_2cuy _3dgx\" style=\"text-align: justify;\" data-block=\"true\" data-editor=\"85qat\" data-offset-key=\"ck4ep-0-0\">\n<div class=\"_1mf _1mj\" data-offset-key=\"ck4ep-0-0\">\n<p>&nbsp;<\/p>\n<p><span data-offset-key=\"ck4ep-0-0\">Los tiempos en donde el cliente solo era visto como un costal de dinero ha pasado, hoy basta con click para encontrar otra alternativa, para desprestigiar un historial empresarial e incluso para confrontar a una organizaci\u00f3n, por lo que crear estrategias para enriquecer este aspecto toman una mejor forma en las herramientas digitales.<\/span><\/p>\n<\/div>\n<div data-offset-key=\"ck4ep-0-0\"><\/div>\n<\/div>\n<div class=\"_2cuy _3dgx\" style=\"text-align: justify;\" data-block=\"true\" data-editor=\"85qat\" data-offset-key=\"553t-0-0\">\n<div class=\"_1mf _1mj\" data-offset-key=\"553t-0-0\">\n<p><strong>Revoluci\u00f3n Interna. <\/strong><span data-offset-key=\"553t-0-1\">Unos de los elementos que mayor complicaci\u00f3n tiene a la hora de innovar es la incertidumbre, el no saber como van a funcionar las cosas, el temor de riesgos de seguridad, los costos de implementar nuevas herramientas, pero sobretodo el cambio en la cultura colectiva de las organizaciones, que limitan la eficacia de la integraci\u00f3n total de estas nuevas medidas, al se\u00f1alar que se trata de un problema de actitud m\u00e1s all\u00e1 de las capacidades mismas de los integrantes, por lo que cambiar la conducta y mentalidad surge como el principal obst\u00e1culo de este proceso.<\/span><\/p>\n<\/div>\n<div data-offset-key=\"553t-0-0\"><\/div>\n<\/div>\n<div class=\"_2cuy _3dgx\" style=\"text-align: justify;\" data-block=\"true\" data-editor=\"85qat\" data-offset-key=\"4nne1-0-0\">\n<div class=\"_1mf _1mj\" data-offset-key=\"4nne1-0-0\">\n<p><strong>Renovarse o morir.<\/strong><span data-offset-key=\"4nne1-0-1\"> Pudiera sonar trillada la idea de que integrarse al sector digital sea algo casi obligatorio, ya que el hecho de adquirir estas propiedades no garantizan el \u00e9xito, ni mucho menos eliminan de forma total el riesgo de perdidas o problemas, pero en este contexto, no existe todav\u00eda un remedio m\u00e1gico que si lo haga.<\/span><\/p><div id=\"intel-2683720679\" class=\"intel-contenido-4 intel-entity-placement\"><!--noptimize--><img loading=\"lazy\" decoding=\"async\" src=\"https:\/\/www.intelisis.com\/blog\/wp-content\/uploads\/2025\/04\/\u00bfQue-debe-tener-un-ERP-en-2025-La-guia-definitiva-para-optimizar-tu-negocio-CTA-02-min.png\" alt=\"\u00bfQu\u00e9 debe tener un ERP en 2025? La gu\u00eda definitiva para optimizar tu negocio\"  srcset=\"https:\/\/www.intelisis.com\/blog\/wp-content\/uploads\/2025\/04\/\u00bfQue-debe-tener-un-ERP-en-2025-La-guia-definitiva-para-optimizar-tu-negocio-CTA-02-min.png 701w, https:\/\/www.intelisis.com\/blog\/wp-content\/uploads\/2025\/04\/\u00bfQue-debe-tener-un-ERP-en-2025-La-guia-definitiva-para-optimizar-tu-negocio-CTA-02-min-300x116.png 300w, https:\/\/www.intelisis.com\/blog\/wp-content\/uploads\/2025\/04\/\u00bfQue-debe-tener-un-ERP-en-2025-La-guia-definitiva-para-optimizar-tu-negocio-CTA-02-min-500x193.png 500w\" sizes=\"(max-width: 701px) 100vw, 701px\" width=\"701\" height=\"270\"   \/><!--\/noptimize--><\/div>\n<\/div>\n<div data-offset-key=\"4nne1-0-0\"><\/div>\n<\/div>\n<div class=\"_2cuy _3dgx\" data-block=\"true\" data-editor=\"85qat\" data-offset-key=\"ak6ds-0-0\">\n<div class=\"_1mf _1mj\" style=\"text-align: justify;\" data-offset-key=\"ak6ds-0-0\"><span data-offset-key=\"ak6ds-0-0\">La idea radica en el plano de competitividad, las personas que entiendan y adapten estas soluciones, son capaces de minimizar el uso de tiempo y de recursos, a manera de enfocarse en aspecto m\u00e1s representativos como la b\u00fasqueda de nuevos modelos de negocio, que implementados en un sector especifico, puede aventajarlos en obtenci\u00f3n de participaci\u00f3n de mercado, que sin duda pondr\u00e1 en riesgo y volver\u00e1 anticuados y obsoletos a los modelos tradicionales.<\/span><\/div>\n<\/div>\n\n\n<div class=\"kk-star-ratings kksr-auto kksr-align-center kksr-valign-bottom\"\n    data-payload='{&quot;align&quot;:&quot;center&quot;,&quot;id&quot;:&quot;121&quot;,&quot;slug&quot;:&quot;default&quot;,&quot;valign&quot;:&quot;bottom&quot;,&quot;ignore&quot;:&quot;&quot;,&quot;reference&quot;:&quot;auto&quot;,&quot;class&quot;:&quot;&quot;,&quot;count&quot;:&quot;0&quot;,&quot;legendonly&quot;:&quot;&quot;,&quot;readonly&quot;:&quot;&quot;,&quot;score&quot;:&quot;0&quot;,&quot;starsonly&quot;:&quot;&quot;,&quot;best&quot;:&quot;5&quot;,&quot;gap&quot;:&quot;5&quot;,&quot;greet&quot;:&quot;Califica post&quot;,&quot;legend&quot;:&quot;0\\\/5 - (0 votes)&quot;,&quot;size&quot;:&quot;15&quot;,&quot;title&quot;:&quot;La inminente tendencia de la Transformaci\u00f3n Digital&quot;,&quot;width&quot;:&quot;0&quot;,&quot;_legend&quot;:&quot;{score}\\\/{best} - ({count} {votes})&quot;,&quot;font_factor&quot;:&quot;1.25&quot;}'>\n            \n<div class=\"kksr-stars\">\n    \n<div class=\"kksr-stars-inactive\">\n            <div class=\"kksr-star\" data-star=\"1\" style=\"padding-right: 5px\">\n            \n\n<div class=\"kksr-icon\" style=\"width: 15px; height: 15px;\"><\/div>\n        <\/div>\n            <div class=\"kksr-star\" data-star=\"2\" style=\"padding-right: 5px\">\n            \n\n<div class=\"kksr-icon\" style=\"width: 15px; height: 15px;\"><\/div>\n        <\/div>\n            <div class=\"kksr-star\" data-star=\"3\" style=\"padding-right: 5px\">\n            \n\n<div class=\"kksr-icon\" style=\"width: 15px; height: 15px;\"><\/div>\n        <\/div>\n            <div class=\"kksr-star\" data-star=\"4\" style=\"padding-right: 5px\">\n            \n\n<div class=\"kksr-icon\" style=\"width: 15px; height: 15px;\"><\/div>\n        <\/div>\n            <div class=\"kksr-star\" data-star=\"5\" style=\"padding-right: 5px\">\n            \n\n<div class=\"kksr-icon\" style=\"width: 15px; height: 15px;\"><\/div>\n        <\/div>\n    <\/div>\n    \n<div class=\"kksr-stars-active\" style=\"width: 0px;\">\n            <div class=\"kksr-star\" style=\"padding-right: 5px\">\n            \n\n<div class=\"kksr-icon\" style=\"width: 15px; height: 15px;\"><\/div>\n        <\/div>\n            <div class=\"kksr-star\" style=\"padding-right: 5px\">\n            \n\n<div class=\"kksr-icon\" style=\"width: 15px; height: 15px;\"><\/div>\n        <\/div>\n            <div class=\"kksr-star\" style=\"padding-right: 5px\">\n            \n\n<div class=\"kksr-icon\" style=\"width: 15px; height: 15px;\"><\/div>\n        <\/div>\n            <div class=\"kksr-star\" style=\"padding-right: 5px\">\n            \n\n<div class=\"kksr-icon\" style=\"width: 15px; height: 15px;\"><\/div>\n        <\/div>\n            <div class=\"kksr-star\" style=\"padding-right: 5px\">\n            \n\n<div class=\"kksr-icon\" style=\"width: 15px; height: 15px;\"><\/div>\n        <\/div>\n    <\/div>\n<\/div>\n                \n\n<div class=\"kksr-legend\" style=\"font-size: 12px;\">\n            <span class=\"kksr-muted\">Califica post<\/span>\n    <\/div>\n    <\/div>\n","protected":false},"excerpt":{"rendered":"<p>La transformaci\u00f3n digital es parte de este camino de innovaci\u00f3n que comenz\u00f3 con la revoluci\u00f3n industrial en el siglo XVIII, y es m\u00e1s que solo uso de plataformas de comunicaci\u00f3n digitales y herramientas tecnol\u00f3gicas. La palabra transformaci\u00f3n digital es un t\u00e9rmino que en los \u00faltimos tiempos ha empezado a tener una repercusi\u00f3n de suma importancia [&hellip;]<\/p>\n","protected":false},"author":19,"featured_media":123,"comment_status":"open","ping_status":"closed","sticky":false,"template":"","format":"standard","meta":{"footnotes":""},"categories":[1,751],"tags":[760,51,75,31,761,759,74,41],"class_list":["post-121","post","type-post","status-publish","format-standard","has-post-thumbnail","hentry","category-tecnologia","category-tecnologia-nube","tag-almacenamiento-de-archivos","tag-digitalizacion","tag-innovacion-empresas","tag-negocios","tag-servicios-en-la-nube","tag-software-remoto","tag-tecnologia-empresas","tag-transformacion-digital"],"aioseo_notices":[],"yoast_head":"<!-- This site is optimized with the Yoast SEO Premium plugin v27.4 (Yoast SEO v27.5) - https:\/\/yoast.com\/product\/yoast-seo-premium-wordpress\/ -->\n<title>La inminente tendencia de la Transformaci\u00f3n Digital - Intelisis Blog<\/title>\n<meta name=\"robots\" content=\"index, follow, max-snippet:-1, max-image-preview:large, max-video-preview:-1\" \/>\n<link rel=\"canonical\" href=\"https:\/\/www.intelisis.com\/blog\/la-inminente-tendencia-transformacion-digital\/\" \/>\n<meta property=\"og:locale\" content=\"es_MX\" \/>\n<meta property=\"og:type\" content=\"article\" \/>\n<meta property=\"og:title\" content=\"La inminente tendencia de la Transformaci\u00f3n Digital\" \/>\n<meta property=\"og:description\" content=\"La transformaci\u00f3n digital es parte de este camino de innovaci\u00f3n que comenz\u00f3 con la revoluci\u00f3n industrial en el siglo XVIII, y es m\u00e1s que solo uso de plataformas de comunicaci\u00f3n digitales y herramientas tecnol\u00f3gicas. La palabra transformaci\u00f3n digital es un t\u00e9rmino que en los \u00faltimos tiempos ha empezado a tener una repercusi\u00f3n de suma importancia [&hellip;]\" \/>\n<meta property=\"og:url\" content=\"https:\/\/www.intelisis.com\/blog\/la-inminente-tendencia-transformacion-digital\/\" \/>\n<meta property=\"og:site_name\" content=\"Intelisis Blog\" \/>\n<meta property=\"article:publisher\" content=\"https:\/\/www.facebook.com\/Intelisis\/\" \/>\n<meta property=\"article:published_time\" content=\"2017-12-28T17:41:01+00:00\" \/>\n<meta property=\"article:modified_time\" content=\"2022-12-22T17:36:45+00:00\" \/>\n<meta property=\"og:image\" content=\"https:\/\/www.intelisis.com\/blog\/wp-content\/uploads\/2017\/12\/Untitled-design-23.jpg\" \/>\n\t<meta property=\"og:image:width\" content=\"1200\" \/>\n\t<meta property=\"og:image:height\" content=\"627\" \/>\n\t<meta property=\"og:image:type\" content=\"image\/jpeg\" \/>\n<meta name=\"author\" content=\"Intelisis\" \/>\n<meta name=\"twitter:card\" content=\"summary_large_image\" \/>\n<meta name=\"twitter:creator\" content=\"@IntelisisCorp\" \/>\n<meta name=\"twitter:site\" content=\"@IntelisisCorp\" \/>\n<meta name=\"twitter:label1\" content=\"Escrito por\" \/>\n\t<meta name=\"twitter:data1\" content=\"Intelisis\" \/>\n\t<meta name=\"twitter:label2\" content=\"Tiempo de lectura\" \/>\n\t<meta name=\"twitter:data2\" content=\"5 minutos\" \/>\n<script type=\"application\/ld+json\" class=\"yoast-schema-graph\">{\"@context\":\"https:\\\/\\\/schema.org\",\"@graph\":[{\"@type\":\"Article\",\"@id\":\"https:\\\/\\\/www.intelisis.com\\\/blog\\\/la-inminente-tendencia-transformacion-digital\\\/#article\",\"isPartOf\":{\"@id\":\"https:\\\/\\\/www.intelisis.com\\\/blog\\\/la-inminente-tendencia-transformacion-digital\\\/\"},\"author\":{\"name\":\"Intelisis\",\"@id\":\"https:\\\/\\\/www.intelisis.com\\\/blog\\\/#\\\/schema\\\/person\\\/00d44b0c56ac865a77583094112e890b\"},\"headline\":\"La inminente tendencia de la Transformaci\u00f3n Digital\",\"datePublished\":\"2017-12-28T17:41:01+00:00\",\"dateModified\":\"2022-12-22T17:36:45+00:00\",\"mainEntityOfPage\":{\"@id\":\"https:\\\/\\\/www.intelisis.com\\\/blog\\\/la-inminente-tendencia-transformacion-digital\\\/\"},\"wordCount\":1027,\"commentCount\":0,\"publisher\":{\"@id\":\"https:\\\/\\\/www.intelisis.com\\\/blog\\\/#organization\"},\"image\":{\"@id\":\"https:\\\/\\\/www.intelisis.com\\\/blog\\\/la-inminente-tendencia-transformacion-digital\\\/#primaryimage\"},\"thumbnailUrl\":\"https:\\\/\\\/www.intelisis.com\\\/blog\\\/wp-content\\\/uploads\\\/2017\\\/12\\\/Untitled-design-23.jpg\",\"keywords\":[\"Almacenamiento de archivos\",\"digitalizaci\u00f3n\",\"innovacion empresas\",\"negocios\",\"Servicios en la NUBE\",\"Software remoto\",\"Tecnologia empresas\",\"Transformaci\u00f3n Digital\"],\"articleSection\":[\"Tecnolog\u00eda\",\"Tecnolog\u00eda en la NUBE\"],\"inLanguage\":\"es\",\"potentialAction\":[{\"@type\":\"CommentAction\",\"name\":\"Comment\",\"target\":[\"https:\\\/\\\/www.intelisis.com\\\/blog\\\/la-inminente-tendencia-transformacion-digital\\\/#respond\"]}]},{\"@type\":\"WebPage\",\"@id\":\"https:\\\/\\\/www.intelisis.com\\\/blog\\\/la-inminente-tendencia-transformacion-digital\\\/\",\"url\":\"https:\\\/\\\/www.intelisis.com\\\/blog\\\/la-inminente-tendencia-transformacion-digital\\\/\",\"name\":\"La inminente tendencia de la Transformaci\u00f3n Digital - Intelisis Blog\",\"isPartOf\":{\"@id\":\"https:\\\/\\\/www.intelisis.com\\\/blog\\\/#website\"},\"primaryImageOfPage\":{\"@id\":\"https:\\\/\\\/www.intelisis.com\\\/blog\\\/la-inminente-tendencia-transformacion-digital\\\/#primaryimage\"},\"image\":{\"@id\":\"https:\\\/\\\/www.intelisis.com\\\/blog\\\/la-inminente-tendencia-transformacion-digital\\\/#primaryimage\"},\"thumbnailUrl\":\"https:\\\/\\\/www.intelisis.com\\\/blog\\\/wp-content\\\/uploads\\\/2017\\\/12\\\/Untitled-design-23.jpg\",\"datePublished\":\"2017-12-28T17:41:01+00:00\",\"dateModified\":\"2022-12-22T17:36:45+00:00\",\"breadcrumb\":{\"@id\":\"https:\\\/\\\/www.intelisis.com\\\/blog\\\/la-inminente-tendencia-transformacion-digital\\\/#breadcrumb\"},\"inLanguage\":\"es\",\"potentialAction\":[{\"@type\":\"ReadAction\",\"target\":[\"https:\\\/\\\/www.intelisis.com\\\/blog\\\/la-inminente-tendencia-transformacion-digital\\\/\"]}]},{\"@type\":\"ImageObject\",\"inLanguage\":\"es\",\"@id\":\"https:\\\/\\\/www.intelisis.com\\\/blog\\\/la-inminente-tendencia-transformacion-digital\\\/#primaryimage\",\"url\":\"https:\\\/\\\/www.intelisis.com\\\/blog\\\/wp-content\\\/uploads\\\/2017\\\/12\\\/Untitled-design-23.jpg\",\"contentUrl\":\"https:\\\/\\\/www.intelisis.com\\\/blog\\\/wp-content\\\/uploads\\\/2017\\\/12\\\/Untitled-design-23.jpg\",\"width\":1200,\"height\":627,\"caption\":\"digital_business_concept\"},{\"@type\":\"BreadcrumbList\",\"@id\":\"https:\\\/\\\/www.intelisis.com\\\/blog\\\/la-inminente-tendencia-transformacion-digital\\\/#breadcrumb\",\"itemListElement\":[{\"@type\":\"ListItem\",\"position\":1,\"name\":\"Inicio\",\"item\":\"https:\\\/\\\/www.intelisis.com\\\/blog\\\/\"},{\"@type\":\"ListItem\",\"position\":2,\"name\":\"La inminente tendencia de la Transformaci\u00f3n Digital\"}]},{\"@type\":\"WebSite\",\"@id\":\"https:\\\/\\\/www.intelisis.com\\\/blog\\\/#website\",\"url\":\"https:\\\/\\\/www.intelisis.com\\\/blog\\\/\",\"name\":\"Blog Intelisis Software\",\"description\":\"Informaci&oacute;n de valor sobre ERP y tendencias tecnol&oacute;gicas\",\"publisher\":{\"@id\":\"https:\\\/\\\/www.intelisis.com\\\/blog\\\/#organization\"},\"potentialAction\":[{\"@type\":\"SearchAction\",\"target\":{\"@type\":\"EntryPoint\",\"urlTemplate\":\"https:\\\/\\\/www.intelisis.com\\\/blog\\\/?s={search_term_string}\"},\"query-input\":{\"@type\":\"PropertyValueSpecification\",\"valueRequired\":true,\"valueName\":\"search_term_string\"}}],\"inLanguage\":\"es\"},{\"@type\":\"Organization\",\"@id\":\"https:\\\/\\\/www.intelisis.com\\\/blog\\\/#organization\",\"name\":\"Intelisis Software\",\"url\":\"https:\\\/\\\/www.intelisis.com\\\/blog\\\/\",\"logo\":{\"@type\":\"ImageObject\",\"inLanguage\":\"es\",\"@id\":\"https:\\\/\\\/www.intelisis.com\\\/blog\\\/#\\\/schema\\\/logo\\\/image\\\/\",\"url\":\"https:\\\/\\\/www.intelisis.com\\\/blog\\\/wp-content\\\/uploads\\\/2023\\\/08\\\/logo_intelisis_.png\",\"contentUrl\":\"https:\\\/\\\/www.intelisis.com\\\/blog\\\/wp-content\\\/uploads\\\/2023\\\/08\\\/logo_intelisis_.png\",\"width\":1133,\"height\":326,\"caption\":\"Intelisis Software\"},\"image\":{\"@id\":\"https:\\\/\\\/www.intelisis.com\\\/blog\\\/#\\\/schema\\\/logo\\\/image\\\/\"},\"sameAs\":[\"https:\\\/\\\/www.facebook.com\\\/Intelisis\\\/\",\"https:\\\/\\\/x.com\\\/IntelisisCorp\",\"https:\\\/\\\/www.linkedin.com\\\/company\\\/intelisis-sa-de-cv\\\/\",\"https:\\\/\\\/www.youtube.com\\\/channel\\\/UCRFKIq10T-foPWN4hN2Jhrg\"]},{\"@type\":\"Person\",\"@id\":\"https:\\\/\\\/www.intelisis.com\\\/blog\\\/#\\\/schema\\\/person\\\/00d44b0c56ac865a77583094112e890b\",\"name\":\"Intelisis\",\"image\":{\"@type\":\"ImageObject\",\"inLanguage\":\"es\",\"@id\":\"https:\\\/\\\/secure.gravatar.com\\\/avatar\\\/9b992b67a8defa2dc50cc9be029a3f9d992af431fb4fa84bdec8767de82fe367?s=96&d=mm&r=g\",\"url\":\"https:\\\/\\\/secure.gravatar.com\\\/avatar\\\/9b992b67a8defa2dc50cc9be029a3f9d992af431fb4fa84bdec8767de82fe367?s=96&d=mm&r=g\",\"contentUrl\":\"https:\\\/\\\/secure.gravatar.com\\\/avatar\\\/9b992b67a8defa2dc50cc9be029a3f9d992af431fb4fa84bdec8767de82fe367?s=96&d=mm&r=g\",\"caption\":\"Intelisis\"},\"sameAs\":[\"https:\\\/\\\/www.intelisis.com\"]}]}<\/script>\n<!-- \/ Yoast SEO Premium plugin. -->","yoast_head_json":{"title":"La inminente tendencia de la Transformaci\u00f3n Digital - Intelisis Blog","robots":{"index":"index","follow":"follow","max-snippet":"max-snippet:-1","max-image-preview":"max-image-preview:large","max-video-preview":"max-video-preview:-1"},"canonical":"https:\/\/www.intelisis.com\/blog\/la-inminente-tendencia-transformacion-digital\/","og_locale":"es_MX","og_type":"article","og_title":"La inminente tendencia de la Transformaci\u00f3n Digital","og_description":"La transformaci\u00f3n digital es parte de este camino de innovaci\u00f3n que comenz\u00f3 con la revoluci\u00f3n industrial en el siglo XVIII, y es m\u00e1s que solo uso de plataformas de comunicaci\u00f3n digitales y herramientas tecnol\u00f3gicas. La palabra transformaci\u00f3n digital es un t\u00e9rmino que en los \u00faltimos tiempos ha empezado a tener una repercusi\u00f3n de suma importancia [&hellip;]","og_url":"https:\/\/www.intelisis.com\/blog\/la-inminente-tendencia-transformacion-digital\/","og_site_name":"Intelisis Blog","article_publisher":"https:\/\/www.facebook.com\/Intelisis\/","article_published_time":"2017-12-28T17:41:01+00:00","article_modified_time":"2022-12-22T17:36:45+00:00","og_image":[{"width":1200,"height":627,"url":"https:\/\/www.intelisis.com\/blog\/wp-content\/uploads\/2017\/12\/Untitled-design-23.jpg","type":"image\/jpeg"}],"author":"Intelisis","twitter_card":"summary_large_image","twitter_creator":"@IntelisisCorp","twitter_site":"@IntelisisCorp","twitter_misc":{"Escrito por":"Intelisis","Tiempo de lectura":"5 minutos"},"schema":{"@context":"https:\/\/schema.org","@graph":[{"@type":"Article","@id":"https:\/\/www.intelisis.com\/blog\/la-inminente-tendencia-transformacion-digital\/#article","isPartOf":{"@id":"https:\/\/www.intelisis.com\/blog\/la-inminente-tendencia-transformacion-digital\/"},"author":{"name":"Intelisis","@id":"https:\/\/www.intelisis.com\/blog\/#\/schema\/person\/00d44b0c56ac865a77583094112e890b"},"headline":"La inminente tendencia de la Transformaci\u00f3n Digital","datePublished":"2017-12-28T17:41:01+00:00","dateModified":"2022-12-22T17:36:45+00:00","mainEntityOfPage":{"@id":"https:\/\/www.intelisis.com\/blog\/la-inminente-tendencia-transformacion-digital\/"},"wordCount":1027,"commentCount":0,"publisher":{"@id":"https:\/\/www.intelisis.com\/blog\/#organization"},"image":{"@id":"https:\/\/www.intelisis.com\/blog\/la-inminente-tendencia-transformacion-digital\/#primaryimage"},"thumbnailUrl":"https:\/\/www.intelisis.com\/blog\/wp-content\/uploads\/2017\/12\/Untitled-design-23.jpg","keywords":["Almacenamiento de archivos","digitalizaci\u00f3n","innovacion empresas","negocios","Servicios en la NUBE","Software remoto","Tecnologia empresas","Transformaci\u00f3n Digital"],"articleSection":["Tecnolog\u00eda","Tecnolog\u00eda en la NUBE"],"inLanguage":"es","potentialAction":[{"@type":"CommentAction","name":"Comment","target":["https:\/\/www.intelisis.com\/blog\/la-inminente-tendencia-transformacion-digital\/#respond"]}]},{"@type":"WebPage","@id":"https:\/\/www.intelisis.com\/blog\/la-inminente-tendencia-transformacion-digital\/","url":"https:\/\/www.intelisis.com\/blog\/la-inminente-tendencia-transformacion-digital\/","name":"La inminente tendencia de la Transformaci\u00f3n Digital - Intelisis Blog","isPartOf":{"@id":"https:\/\/www.intelisis.com\/blog\/#website"},"primaryImageOfPage":{"@id":"https:\/\/www.intelisis.com\/blog\/la-inminente-tendencia-transformacion-digital\/#primaryimage"},"image":{"@id":"https:\/\/www.intelisis.com\/blog\/la-inminente-tendencia-transformacion-digital\/#primaryimage"},"thumbnailUrl":"https:\/\/www.intelisis.com\/blog\/wp-content\/uploads\/2017\/12\/Untitled-design-23.jpg","datePublished":"2017-12-28T17:41:01+00:00","dateModified":"2022-12-22T17:36:45+00:00","breadcrumb":{"@id":"https:\/\/www.intelisis.com\/blog\/la-inminente-tendencia-transformacion-digital\/#breadcrumb"},"inLanguage":"es","potentialAction":[{"@type":"ReadAction","target":["https:\/\/www.intelisis.com\/blog\/la-inminente-tendencia-transformacion-digital\/"]}]},{"@type":"ImageObject","inLanguage":"es","@id":"https:\/\/www.intelisis.com\/blog\/la-inminente-tendencia-transformacion-digital\/#primaryimage","url":"https:\/\/www.intelisis.com\/blog\/wp-content\/uploads\/2017\/12\/Untitled-design-23.jpg","contentUrl":"https:\/\/www.intelisis.com\/blog\/wp-content\/uploads\/2017\/12\/Untitled-design-23.jpg","width":1200,"height":627,"caption":"digital_business_concept"},{"@type":"BreadcrumbList","@id":"https:\/\/www.intelisis.com\/blog\/la-inminente-tendencia-transformacion-digital\/#breadcrumb","itemListElement":[{"@type":"ListItem","position":1,"name":"Inicio","item":"https:\/\/www.intelisis.com\/blog\/"},{"@type":"ListItem","position":2,"name":"La inminente tendencia de la Transformaci\u00f3n Digital"}]},{"@type":"WebSite","@id":"https:\/\/www.intelisis.com\/blog\/#website","url":"https:\/\/www.intelisis.com\/blog\/","name":"Blog Intelisis Software","description":"Informaci&oacute;n de valor sobre ERP y tendencias tecnol&oacute;gicas","publisher":{"@id":"https:\/\/www.intelisis.com\/blog\/#organization"},"potentialAction":[{"@type":"SearchAction","target":{"@type":"EntryPoint","urlTemplate":"https:\/\/www.intelisis.com\/blog\/?s={search_term_string}"},"query-input":{"@type":"PropertyValueSpecification","valueRequired":true,"valueName":"search_term_string"}}],"inLanguage":"es"},{"@type":"Organization","@id":"https:\/\/www.intelisis.com\/blog\/#organization","name":"Intelisis Software","url":"https:\/\/www.intelisis.com\/blog\/","logo":{"@type":"ImageObject","inLanguage":"es","@id":"https:\/\/www.intelisis.com\/blog\/#\/schema\/logo\/image\/","url":"https:\/\/www.intelisis.com\/blog\/wp-content\/uploads\/2023\/08\/logo_intelisis_.png","contentUrl":"https:\/\/www.intelisis.com\/blog\/wp-content\/uploads\/2023\/08\/logo_intelisis_.png","width":1133,"height":326,"caption":"Intelisis Software"},"image":{"@id":"https:\/\/www.intelisis.com\/blog\/#\/schema\/logo\/image\/"},"sameAs":["https:\/\/www.facebook.com\/Intelisis\/","https:\/\/x.com\/IntelisisCorp","https:\/\/www.linkedin.com\/company\/intelisis-sa-de-cv\/","https:\/\/www.youtube.com\/channel\/UCRFKIq10T-foPWN4hN2Jhrg"]},{"@type":"Person","@id":"https:\/\/www.intelisis.com\/blog\/#\/schema\/person\/00d44b0c56ac865a77583094112e890b","name":"Intelisis","image":{"@type":"ImageObject","inLanguage":"es","@id":"https:\/\/secure.gravatar.com\/avatar\/9b992b67a8defa2dc50cc9be029a3f9d992af431fb4fa84bdec8767de82fe367?s=96&d=mm&r=g","url":"https:\/\/secure.gravatar.com\/avatar\/9b992b67a8defa2dc50cc9be029a3f9d992af431fb4fa84bdec8767de82fe367?s=96&d=mm&r=g","contentUrl":"https:\/\/secure.gravatar.com\/avatar\/9b992b67a8defa2dc50cc9be029a3f9d992af431fb4fa84bdec8767de82fe367?s=96&d=mm&r=g","caption":"Intelisis"},"sameAs":["https:\/\/www.intelisis.com"]}]}},"amp_enabled":true,"post_mailing_queue_ids":[],"_links":{"self":[{"href":"https:\/\/www.intelisis.com\/blog\/wp-json\/wp\/v2\/posts\/121","targetHints":{"allow":["GET"]}}],"collection":[{"href":"https:\/\/www.intelisis.com\/blog\/wp-json\/wp\/v2\/posts"}],"about":[{"href":"https:\/\/www.intelisis.com\/blog\/wp-json\/wp\/v2\/types\/post"}],"author":[{"embeddable":true,"href":"https:\/\/www.intelisis.com\/blog\/wp-json\/wp\/v2\/users\/19"}],"replies":[{"embeddable":true,"href":"https:\/\/www.intelisis.com\/blog\/wp-json\/wp\/v2\/comments?post=121"}],"version-history":[{"count":3,"href":"https:\/\/www.intelisis.com\/blog\/wp-json\/wp\/v2\/posts\/121\/revisions"}],"predecessor-version":[{"id":126,"href":"https:\/\/www.intelisis.com\/blog\/wp-json\/wp\/v2\/posts\/121\/revisions\/126"}],"wp:featuredmedia":[{"embeddable":true,"href":"https:\/\/www.intelisis.com\/blog\/wp-json\/wp\/v2\/media\/123"}],"wp:attachment":[{"href":"https:\/\/www.intelisis.com\/blog\/wp-json\/wp\/v2\/media?parent=121"}],"wp:term":[{"taxonomy":"category","embeddable":true,"href":"https:\/\/www.intelisis.com\/blog\/wp-json\/wp\/v2\/categories?post=121"},{"taxonomy":"post_tag","embeddable":true,"href":"https:\/\/www.intelisis.com\/blog\/wp-json\/wp\/v2\/tags?post=121"}],"curies":[{"name":"wp","href":"https:\/\/api.w.org\/{rel}","templated":true}]}}