{"id":1481,"date":"2019-03-14T13:14:36","date_gmt":"2019-03-14T19:14:36","guid":{"rendered":"http:\/\/intelisis.com\/blog\/?p=1481"},"modified":"2022-12-22T10:54:46","modified_gmt":"2022-12-22T16:54:46","slug":"toyota-produce-vehiculo-viajar-luna","status":"publish","type":"post","link":"https:\/\/www.intelisis.com\/blog\/toyota-produce-vehiculo-viajar-luna\/","title":{"rendered":"Toyota produce un veh\u00edculo para viajar a la luna en 2029"},"content":{"rendered":"\n<p>Toyota se asoci\u00f3 con la Agencia Japonesa&nbsp;de Exploraci\u00f3n Aeroespacial (JAXA), con la finalidad de construir un veh\u00edculo lunar el\u00e9ctrico, que pretende ser enviado al espacio en 2029.&nbsp;<\/p>\n\n\n\n<p>Dicho veh\u00edculo tendr\u00e1 la capacidad de transportar a 2 personas y 2 m\u00e1s en caso de emergencia, as\u00ed como recorrer miles de millas a trav\u00e9s de la superficie de la luna. Adem\u00e1s, permitir\u00e1 a los astronautas vivir en \u00e9l sin necesidad de utilizar trajes espaciales dentro de un espacio que mide 13 metros cuadrados.&nbsp;&nbsp;<\/p>\n\n\n\n<p>Actualmente se encuentra en etapa conceptual, tendr\u00e1 6 metros de largo, aproximadamente el tama\u00f1o de 2 minibuses, seg\u00fan Toyota.&nbsp;<\/p>\n\n\n\n<p>El veh\u00edculo tendr\u00e1 tecnolog\u00edas con celdas de combustible y tendr\u00e1 un rango de crucero total de la superficie lunar de m\u00e1s de 10.000 km.&nbsp;Tal forma de movilidad se considera necesaria para las actividades de exploraci\u00f3n humana en la&nbsp;superficie lunar.&nbsp;&nbsp;<\/p>\n\n\n\n<p style=\"text-align:center\">En su <a href=\"http:\/\/global.jaxa.jp\/press\/2019\/03\/20190312a.html\">comunicado de prensa<\/a> Hiroshi Yamakawa, presidente de JAXA dijo: \u201cEn JAXA, estamos realizando estudios internacionales de coordinaci\u00f3n y tecnolog\u00eda para la participaci\u00f3n de Jap\u00f3n en la exploraci\u00f3n espacial internacional. Nuestro objetivo es contribuir a trav\u00e9s de las principales tecnolog\u00edas japonesas\u201d.&nbsp; <\/p>\n\n\n\n<p style=\"text-align:center\">Por su parte, el presidente de Toyota,&nbsp;Akio&nbsp;Toyoda, coment\u00f3:&nbsp;<\/p>\n\n\n\n<p style=\"text-align:center\">\u201cLa industria automotriz ha estado haciendo negocios con los conceptos de&#8221; ciudad natal &#8220;y&#8221; pa\u00eds de origen &#8220;en gran medida en mente.&nbsp;Sin embargo, de ahora en adelante, al responder a cuestiones como los asuntos ambientales a escala global, el concepto de &#8220;planeta hogar&#8221;, del que todos venimos, se convertir\u00e1 en un concepto muy importante\u201d.&nbsp;<\/p>\n\n\n\n<p>Fuentes: Expansi\u00f3n&nbsp;<\/p>\n\n\n<div class=\"kk-star-ratings kksr-auto kksr-align-center kksr-valign-bottom\"\n    data-payload='{&quot;align&quot;:&quot;center&quot;,&quot;id&quot;:&quot;1481&quot;,&quot;slug&quot;:&quot;default&quot;,&quot;valign&quot;:&quot;bottom&quot;,&quot;ignore&quot;:&quot;&quot;,&quot;reference&quot;:&quot;auto&quot;,&quot;class&quot;:&quot;&quot;,&quot;count&quot;:&quot;0&quot;,&quot;legendonly&quot;:&quot;&quot;,&quot;readonly&quot;:&quot;&quot;,&quot;score&quot;:&quot;0&quot;,&quot;starsonly&quot;:&quot;&quot;,&quot;best&quot;:&quot;5&quot;,&quot;gap&quot;:&quot;5&quot;,&quot;greet&quot;:&quot;Califica post&quot;,&quot;legend&quot;:&quot;0\\\/5 - (0 votes)&quot;,&quot;size&quot;:&quot;15&quot;,&quot;title&quot;:&quot;Toyota produce un veh\u00edculo para viajar a la luna en 2029&quot;,&quot;width&quot;:&quot;0&quot;,&quot;_legend&quot;:&quot;{score}\\\/{best} - ({count} {votes})&quot;,&quot;font_factor&quot;:&quot;1.25&quot;}'>\n            \n<div class=\"kksr-stars\">\n    \n<div class=\"kksr-stars-inactive\">\n            <div class=\"kksr-star\" data-star=\"1\" style=\"padding-right: 5px\">\n            \n\n<div class=\"kksr-icon\" style=\"width: 15px; height: 15px;\"><\/div>\n        <\/div>\n            <div class=\"kksr-star\" data-star=\"2\" style=\"padding-right: 5px\">\n            \n\n<div class=\"kksr-icon\" style=\"width: 15px; height: 15px;\"><\/div>\n        <\/div>\n            <div class=\"kksr-star\" data-star=\"3\" style=\"padding-right: 5px\">\n            \n\n<div class=\"kksr-icon\" style=\"width: 15px; height: 15px;\"><\/div>\n        <\/div>\n            <div class=\"kksr-star\" data-star=\"4\" style=\"padding-right: 5px\">\n            \n\n<div class=\"kksr-icon\" style=\"width: 15px; height: 15px;\"><\/div>\n        <\/div>\n            <div class=\"kksr-star\" data-star=\"5\" style=\"padding-right: 5px\">\n            \n\n<div class=\"kksr-icon\" style=\"width: 15px; height: 15px;\"><\/div>\n        <\/div>\n    <\/div>\n    \n<div class=\"kksr-stars-active\" style=\"width: 0px;\">\n            <div class=\"kksr-star\" style=\"padding-right: 5px\">\n            \n\n<div class=\"kksr-icon\" style=\"width: 15px; height: 15px;\"><\/div>\n        <\/div>\n            <div class=\"kksr-star\" style=\"padding-right: 5px\">\n            \n\n<div class=\"kksr-icon\" style=\"width: 15px; height: 15px;\"><\/div>\n        <\/div>\n            <div class=\"kksr-star\" style=\"padding-right: 5px\">\n            \n\n<div class=\"kksr-icon\" style=\"width: 15px; height: 15px;\"><\/div>\n        <\/div>\n            <div class=\"kksr-star\" style=\"padding-right: 5px\">\n            \n\n<div class=\"kksr-icon\" style=\"width: 15px; height: 15px;\"><\/div>\n        <\/div>\n            <div class=\"kksr-star\" style=\"padding-right: 5px\">\n            \n\n<div class=\"kksr-icon\" style=\"width: 15px; height: 15px;\"><\/div>\n        <\/div>\n    <\/div>\n<\/div>\n                \n\n<div class=\"kksr-legend\" style=\"font-size: 12px;\">\n            <span class=\"kksr-muted\">Califica post<\/span>\n    <\/div>\n    <\/div>\n","protected":false},"excerpt":{"rendered":"<p>Con el veh\u00edaculo lunar, Toyota y la Agencia Japonesa de Exploraci\u00f3n Aeroespacial (AJAXA), pretenden viajar a la luna en el 2029.<\/p>\n","protected":false},"author":3,"featured_media":1483,"comment_status":"open","ping_status":"closed","sticky":false,"template":"","format":"standard","meta":{"footnotes":""},"categories":[9,751],"tags":[760,761,759],"class_list":["post-1481","post","type-post","status-publish","format-standard","has-post-thumbnail","hentry","category-otras","category-tecnologia-nube","tag-almacenamiento-de-archivos","tag-servicios-en-la-nube","tag-software-remoto"],"aioseo_notices":[],"yoast_head":"<!-- This site is optimized with the Yoast SEO Premium plugin v27.4 (Yoast SEO v27.5) - https:\/\/yoast.com\/product\/yoast-seo-premium-wordpress\/ -->\n<title>Toyota produce un veh\u00edculo para viajar a la luna en 2029<\/title>\n<meta name=\"description\" content=\"Con el veh\u00edaculo lunar, Toyota y la Agencia Japonesa de Exploraci\u00f3n Aeroespacial (AJAXA), pretenden viajar a la luna en el 2029.\" \/>\n<meta name=\"robots\" content=\"index, follow, max-snippet:-1, max-image-preview:large, max-video-preview:-1\" \/>\n<link rel=\"canonical\" href=\"https:\/\/www.intelisis.com\/blog\/toyota-produce-vehiculo-viajar-luna\/\" \/>\n<meta property=\"og:locale\" content=\"es_MX\" \/>\n<meta property=\"og:type\" content=\"article\" \/>\n<meta property=\"og:title\" content=\"Toyota produce un veh\u00edculo para viajar a la luna en 2029\" \/>\n<meta property=\"og:description\" content=\"Con el veh\u00edaculo lunar, Toyota y la Agencia Japonesa de Exploraci\u00f3n Aeroespacial (AJAXA), pretenden viajar a la luna en el 2029.\" \/>\n<meta property=\"og:url\" content=\"https:\/\/www.intelisis.com\/blog\/toyota-produce-vehiculo-viajar-luna\/\" \/>\n<meta property=\"og:site_name\" content=\"Intelisis Blog\" \/>\n<meta property=\"article:publisher\" content=\"https:\/\/www.facebook.com\/Intelisis\/\" \/>\n<meta property=\"article:published_time\" content=\"2019-03-14T19:14:36+00:00\" \/>\n<meta property=\"article:modified_time\" content=\"2022-12-22T16:54:46+00:00\" \/>\n<meta property=\"og:image\" content=\"https:\/\/www.intelisis.com\/blog\/wp-content\/uploads\/2019\/03\/Optimized-Toyota-ve\u00edculo-luna.jpg\" \/>\n\t<meta property=\"og:image:width\" content=\"1200\" \/>\n\t<meta property=\"og:image:height\" content=\"675\" \/>\n\t<meta property=\"og:image:type\" content=\"image\/jpeg\" \/>\n<meta name=\"author\" content=\"IntelisisMx\" \/>\n<meta name=\"twitter:card\" content=\"summary_large_image\" \/>\n<meta name=\"twitter:creator\" content=\"@IntelisisCorp\" \/>\n<meta name=\"twitter:site\" content=\"@IntelisisCorp\" \/>\n<meta name=\"twitter:label1\" content=\"Escrito por\" \/>\n\t<meta name=\"twitter:data1\" content=\"IntelisisMx\" \/>\n\t<meta name=\"twitter:label2\" content=\"Tiempo de lectura\" \/>\n\t<meta name=\"twitter:data2\" content=\"1 minuto\" \/>\n<script type=\"application\/ld+json\" class=\"yoast-schema-graph\">{\"@context\":\"https:\\\/\\\/schema.org\",\"@graph\":[{\"@type\":\"Article\",\"@id\":\"https:\\\/\\\/www.intelisis.com\\\/blog\\\/toyota-produce-vehiculo-viajar-luna\\\/#article\",\"isPartOf\":{\"@id\":\"https:\\\/\\\/www.intelisis.com\\\/blog\\\/toyota-produce-vehiculo-viajar-luna\\\/\"},\"author\":{\"name\":\"IntelisisMx\",\"@id\":\"https:\\\/\\\/www.intelisis.com\\\/blog\\\/#\\\/schema\\\/person\\\/f6b0fe69076f2e97113f967cfc2f385f\"},\"headline\":\"Toyota produce un veh\u00edculo para viajar a la luna en 2029\",\"datePublished\":\"2019-03-14T19:14:36+00:00\",\"dateModified\":\"2022-12-22T16:54:46+00:00\",\"mainEntityOfPage\":{\"@id\":\"https:\\\/\\\/www.intelisis.com\\\/blog\\\/toyota-produce-vehiculo-viajar-luna\\\/\"},\"wordCount\":293,\"commentCount\":0,\"publisher\":{\"@id\":\"https:\\\/\\\/www.intelisis.com\\\/blog\\\/#organization\"},\"image\":{\"@id\":\"https:\\\/\\\/www.intelisis.com\\\/blog\\\/toyota-produce-vehiculo-viajar-luna\\\/#primaryimage\"},\"thumbnailUrl\":\"https:\\\/\\\/www.intelisis.com\\\/blog\\\/wp-content\\\/uploads\\\/2019\\\/03\\\/Optimized-Toyota-ve\u00edculo-luna.jpg\",\"keywords\":[\"Almacenamiento de archivos\",\"Servicios en la NUBE\",\"Software remoto\"],\"articleSection\":[\"Otras\",\"Tecnolog\u00eda en la NUBE\"],\"inLanguage\":\"es\",\"potentialAction\":[{\"@type\":\"CommentAction\",\"name\":\"Comment\",\"target\":[\"https:\\\/\\\/www.intelisis.com\\\/blog\\\/toyota-produce-vehiculo-viajar-luna\\\/#respond\"]}]},{\"@type\":\"WebPage\",\"@id\":\"https:\\\/\\\/www.intelisis.com\\\/blog\\\/toyota-produce-vehiculo-viajar-luna\\\/\",\"url\":\"https:\\\/\\\/www.intelisis.com\\\/blog\\\/toyota-produce-vehiculo-viajar-luna\\\/\",\"name\":\"Toyota produce un veh\u00edculo para viajar a la luna en 2029\",\"isPartOf\":{\"@id\":\"https:\\\/\\\/www.intelisis.com\\\/blog\\\/#website\"},\"primaryImageOfPage\":{\"@id\":\"https:\\\/\\\/www.intelisis.com\\\/blog\\\/toyota-produce-vehiculo-viajar-luna\\\/#primaryimage\"},\"image\":{\"@id\":\"https:\\\/\\\/www.intelisis.com\\\/blog\\\/toyota-produce-vehiculo-viajar-luna\\\/#primaryimage\"},\"thumbnailUrl\":\"https:\\\/\\\/www.intelisis.com\\\/blog\\\/wp-content\\\/uploads\\\/2019\\\/03\\\/Optimized-Toyota-ve\u00edculo-luna.jpg\",\"datePublished\":\"2019-03-14T19:14:36+00:00\",\"dateModified\":\"2022-12-22T16:54:46+00:00\",\"description\":\"Con el veh\u00edaculo lunar, Toyota y la Agencia Japonesa de Exploraci\u00f3n Aeroespacial (AJAXA), pretenden viajar a la luna en el 2029.\",\"breadcrumb\":{\"@id\":\"https:\\\/\\\/www.intelisis.com\\\/blog\\\/toyota-produce-vehiculo-viajar-luna\\\/#breadcrumb\"},\"inLanguage\":\"es\",\"potentialAction\":[{\"@type\":\"ReadAction\",\"target\":[\"https:\\\/\\\/www.intelisis.com\\\/blog\\\/toyota-produce-vehiculo-viajar-luna\\\/\"]}]},{\"@type\":\"ImageObject\",\"inLanguage\":\"es\",\"@id\":\"https:\\\/\\\/www.intelisis.com\\\/blog\\\/toyota-produce-vehiculo-viajar-luna\\\/#primaryimage\",\"url\":\"https:\\\/\\\/www.intelisis.com\\\/blog\\\/wp-content\\\/uploads\\\/2019\\\/03\\\/Optimized-Toyota-ve\u00edculo-luna.jpg\",\"contentUrl\":\"https:\\\/\\\/www.intelisis.com\\\/blog\\\/wp-content\\\/uploads\\\/2019\\\/03\\\/Optimized-Toyota-ve\u00edculo-luna.jpg\",\"width\":1200,\"height\":675,\"caption\":\"Toyota se asoci\u00f3 con la Agencia Japonesa de Exploraci\u00f3n Aeroespacial (JAXA), con la finalidad de construir un veh\u00edculo lunar el\u00e9ctrico, que pretende ser enviado al espacio en 2029\"},{\"@type\":\"BreadcrumbList\",\"@id\":\"https:\\\/\\\/www.intelisis.com\\\/blog\\\/toyota-produce-vehiculo-viajar-luna\\\/#breadcrumb\",\"itemListElement\":[{\"@type\":\"ListItem\",\"position\":1,\"name\":\"Inicio\",\"item\":\"https:\\\/\\\/www.intelisis.com\\\/blog\\\/\"},{\"@type\":\"ListItem\",\"position\":2,\"name\":\"Toyota produce un veh\u00edculo para viajar a la luna en 2029\"}]},{\"@type\":\"WebSite\",\"@id\":\"https:\\\/\\\/www.intelisis.com\\\/blog\\\/#website\",\"url\":\"https:\\\/\\\/www.intelisis.com\\\/blog\\\/\",\"name\":\"Blog Intelisis Software\",\"description\":\"Informaci&oacute;n de valor sobre ERP y tendencias tecnol&oacute;gicas\",\"publisher\":{\"@id\":\"https:\\\/\\\/www.intelisis.com\\\/blog\\\/#organization\"},\"potentialAction\":[{\"@type\":\"SearchAction\",\"target\":{\"@type\":\"EntryPoint\",\"urlTemplate\":\"https:\\\/\\\/www.intelisis.com\\\/blog\\\/?s={search_term_string}\"},\"query-input\":{\"@type\":\"PropertyValueSpecification\",\"valueRequired\":true,\"valueName\":\"search_term_string\"}}],\"inLanguage\":\"es\"},{\"@type\":\"Organization\",\"@id\":\"https:\\\/\\\/www.intelisis.com\\\/blog\\\/#organization\",\"name\":\"Intelisis Software\",\"url\":\"https:\\\/\\\/www.intelisis.com\\\/blog\\\/\",\"logo\":{\"@type\":\"ImageObject\",\"inLanguage\":\"es\",\"@id\":\"https:\\\/\\\/www.intelisis.com\\\/blog\\\/#\\\/schema\\\/logo\\\/image\\\/\",\"url\":\"https:\\\/\\\/www.intelisis.com\\\/blog\\\/wp-content\\\/uploads\\\/2023\\\/08\\\/logo_intelisis_.png\",\"contentUrl\":\"https:\\\/\\\/www.intelisis.com\\\/blog\\\/wp-content\\\/uploads\\\/2023\\\/08\\\/logo_intelisis_.png\",\"width\":1133,\"height\":326,\"caption\":\"Intelisis Software\"},\"image\":{\"@id\":\"https:\\\/\\\/www.intelisis.com\\\/blog\\\/#\\\/schema\\\/logo\\\/image\\\/\"},\"sameAs\":[\"https:\\\/\\\/www.facebook.com\\\/Intelisis\\\/\",\"https:\\\/\\\/x.com\\\/IntelisisCorp\",\"https:\\\/\\\/www.linkedin.com\\\/company\\\/intelisis-sa-de-cv\\\/\",\"https:\\\/\\\/www.youtube.com\\\/channel\\\/UCRFKIq10T-foPWN4hN2Jhrg\"]},{\"@type\":\"Person\",\"@id\":\"https:\\\/\\\/www.intelisis.com\\\/blog\\\/#\\\/schema\\\/person\\\/f6b0fe69076f2e97113f967cfc2f385f\",\"name\":\"IntelisisMx\",\"image\":{\"@type\":\"ImageObject\",\"inLanguage\":\"es\",\"@id\":\"https:\\\/\\\/secure.gravatar.com\\\/avatar\\\/3a62493c8f0a6cbeb44a5e9891b59832a8bb99768ef172a0b427705b1b2c0fb4?s=96&d=mm&r=g\",\"url\":\"https:\\\/\\\/secure.gravatar.com\\\/avatar\\\/3a62493c8f0a6cbeb44a5e9891b59832a8bb99768ef172a0b427705b1b2c0fb4?s=96&d=mm&r=g\",\"contentUrl\":\"https:\\\/\\\/secure.gravatar.com\\\/avatar\\\/3a62493c8f0a6cbeb44a5e9891b59832a8bb99768ef172a0b427705b1b2c0fb4?s=96&d=mm&r=g\",\"caption\":\"IntelisisMx\"}}]}<\/script>\n<!-- \/ Yoast SEO Premium plugin. -->","yoast_head_json":{"title":"Toyota produce un veh\u00edculo para viajar a la luna en 2029","description":"Con el veh\u00edaculo lunar, Toyota y la Agencia Japonesa de Exploraci\u00f3n Aeroespacial (AJAXA), pretenden viajar a la luna en el 2029.","robots":{"index":"index","follow":"follow","max-snippet":"max-snippet:-1","max-image-preview":"max-image-preview:large","max-video-preview":"max-video-preview:-1"},"canonical":"https:\/\/www.intelisis.com\/blog\/toyota-produce-vehiculo-viajar-luna\/","og_locale":"es_MX","og_type":"article","og_title":"Toyota produce un veh\u00edculo para viajar a la luna en 2029","og_description":"Con el veh\u00edaculo lunar, Toyota y la Agencia Japonesa de Exploraci\u00f3n Aeroespacial (AJAXA), pretenden viajar a la luna en el 2029.","og_url":"https:\/\/www.intelisis.com\/blog\/toyota-produce-vehiculo-viajar-luna\/","og_site_name":"Intelisis Blog","article_publisher":"https:\/\/www.facebook.com\/Intelisis\/","article_published_time":"2019-03-14T19:14:36+00:00","article_modified_time":"2022-12-22T16:54:46+00:00","og_image":[{"width":1200,"height":675,"url":"https:\/\/www.intelisis.com\/blog\/wp-content\/uploads\/2019\/03\/Optimized-Toyota-ve\u00edculo-luna.jpg","type":"image\/jpeg"}],"author":"IntelisisMx","twitter_card":"summary_large_image","twitter_creator":"@IntelisisCorp","twitter_site":"@IntelisisCorp","twitter_misc":{"Escrito por":"IntelisisMx","Tiempo de lectura":"1 minuto"},"schema":{"@context":"https:\/\/schema.org","@graph":[{"@type":"Article","@id":"https:\/\/www.intelisis.com\/blog\/toyota-produce-vehiculo-viajar-luna\/#article","isPartOf":{"@id":"https:\/\/www.intelisis.com\/blog\/toyota-produce-vehiculo-viajar-luna\/"},"author":{"name":"IntelisisMx","@id":"https:\/\/www.intelisis.com\/blog\/#\/schema\/person\/f6b0fe69076f2e97113f967cfc2f385f"},"headline":"Toyota produce un veh\u00edculo para viajar a la luna en 2029","datePublished":"2019-03-14T19:14:36+00:00","dateModified":"2022-12-22T16:54:46+00:00","mainEntityOfPage":{"@id":"https:\/\/www.intelisis.com\/blog\/toyota-produce-vehiculo-viajar-luna\/"},"wordCount":293,"commentCount":0,"publisher":{"@id":"https:\/\/www.intelisis.com\/blog\/#organization"},"image":{"@id":"https:\/\/www.intelisis.com\/blog\/toyota-produce-vehiculo-viajar-luna\/#primaryimage"},"thumbnailUrl":"https:\/\/www.intelisis.com\/blog\/wp-content\/uploads\/2019\/03\/Optimized-Toyota-ve\u00edculo-luna.jpg","keywords":["Almacenamiento de archivos","Servicios en la NUBE","Software remoto"],"articleSection":["Otras","Tecnolog\u00eda en la NUBE"],"inLanguage":"es","potentialAction":[{"@type":"CommentAction","name":"Comment","target":["https:\/\/www.intelisis.com\/blog\/toyota-produce-vehiculo-viajar-luna\/#respond"]}]},{"@type":"WebPage","@id":"https:\/\/www.intelisis.com\/blog\/toyota-produce-vehiculo-viajar-luna\/","url":"https:\/\/www.intelisis.com\/blog\/toyota-produce-vehiculo-viajar-luna\/","name":"Toyota produce un veh\u00edculo para viajar a la luna en 2029","isPartOf":{"@id":"https:\/\/www.intelisis.com\/blog\/#website"},"primaryImageOfPage":{"@id":"https:\/\/www.intelisis.com\/blog\/toyota-produce-vehiculo-viajar-luna\/#primaryimage"},"image":{"@id":"https:\/\/www.intelisis.com\/blog\/toyota-produce-vehiculo-viajar-luna\/#primaryimage"},"thumbnailUrl":"https:\/\/www.intelisis.com\/blog\/wp-content\/uploads\/2019\/03\/Optimized-Toyota-ve\u00edculo-luna.jpg","datePublished":"2019-03-14T19:14:36+00:00","dateModified":"2022-12-22T16:54:46+00:00","description":"Con el veh\u00edaculo lunar, Toyota y la Agencia Japonesa de Exploraci\u00f3n Aeroespacial (AJAXA), pretenden viajar a la luna en el 2029.","breadcrumb":{"@id":"https:\/\/www.intelisis.com\/blog\/toyota-produce-vehiculo-viajar-luna\/#breadcrumb"},"inLanguage":"es","potentialAction":[{"@type":"ReadAction","target":["https:\/\/www.intelisis.com\/blog\/toyota-produce-vehiculo-viajar-luna\/"]}]},{"@type":"ImageObject","inLanguage":"es","@id":"https:\/\/www.intelisis.com\/blog\/toyota-produce-vehiculo-viajar-luna\/#primaryimage","url":"https:\/\/www.intelisis.com\/blog\/wp-content\/uploads\/2019\/03\/Optimized-Toyota-ve\u00edculo-luna.jpg","contentUrl":"https:\/\/www.intelisis.com\/blog\/wp-content\/uploads\/2019\/03\/Optimized-Toyota-ve\u00edculo-luna.jpg","width":1200,"height":675,"caption":"Toyota se asoci\u00f3 con la Agencia Japonesa de Exploraci\u00f3n Aeroespacial (JAXA), con la finalidad de construir un veh\u00edculo lunar el\u00e9ctrico, que pretende ser enviado al espacio en 2029"},{"@type":"BreadcrumbList","@id":"https:\/\/www.intelisis.com\/blog\/toyota-produce-vehiculo-viajar-luna\/#breadcrumb","itemListElement":[{"@type":"ListItem","position":1,"name":"Inicio","item":"https:\/\/www.intelisis.com\/blog\/"},{"@type":"ListItem","position":2,"name":"Toyota produce un veh\u00edculo para viajar a la luna en 2029"}]},{"@type":"WebSite","@id":"https:\/\/www.intelisis.com\/blog\/#website","url":"https:\/\/www.intelisis.com\/blog\/","name":"Blog Intelisis Software","description":"Informaci&oacute;n de valor sobre ERP y tendencias tecnol&oacute;gicas","publisher":{"@id":"https:\/\/www.intelisis.com\/blog\/#organization"},"potentialAction":[{"@type":"SearchAction","target":{"@type":"EntryPoint","urlTemplate":"https:\/\/www.intelisis.com\/blog\/?s={search_term_string}"},"query-input":{"@type":"PropertyValueSpecification","valueRequired":true,"valueName":"search_term_string"}}],"inLanguage":"es"},{"@type":"Organization","@id":"https:\/\/www.intelisis.com\/blog\/#organization","name":"Intelisis Software","url":"https:\/\/www.intelisis.com\/blog\/","logo":{"@type":"ImageObject","inLanguage":"es","@id":"https:\/\/www.intelisis.com\/blog\/#\/schema\/logo\/image\/","url":"https:\/\/www.intelisis.com\/blog\/wp-content\/uploads\/2023\/08\/logo_intelisis_.png","contentUrl":"https:\/\/www.intelisis.com\/blog\/wp-content\/uploads\/2023\/08\/logo_intelisis_.png","width":1133,"height":326,"caption":"Intelisis Software"},"image":{"@id":"https:\/\/www.intelisis.com\/blog\/#\/schema\/logo\/image\/"},"sameAs":["https:\/\/www.facebook.com\/Intelisis\/","https:\/\/x.com\/IntelisisCorp","https:\/\/www.linkedin.com\/company\/intelisis-sa-de-cv\/","https:\/\/www.youtube.com\/channel\/UCRFKIq10T-foPWN4hN2Jhrg"]},{"@type":"Person","@id":"https:\/\/www.intelisis.com\/blog\/#\/schema\/person\/f6b0fe69076f2e97113f967cfc2f385f","name":"IntelisisMx","image":{"@type":"ImageObject","inLanguage":"es","@id":"https:\/\/secure.gravatar.com\/avatar\/3a62493c8f0a6cbeb44a5e9891b59832a8bb99768ef172a0b427705b1b2c0fb4?s=96&d=mm&r=g","url":"https:\/\/secure.gravatar.com\/avatar\/3a62493c8f0a6cbeb44a5e9891b59832a8bb99768ef172a0b427705b1b2c0fb4?s=96&d=mm&r=g","contentUrl":"https:\/\/secure.gravatar.com\/avatar\/3a62493c8f0a6cbeb44a5e9891b59832a8bb99768ef172a0b427705b1b2c0fb4?s=96&d=mm&r=g","caption":"IntelisisMx"}}]}},"amp_enabled":true,"post_mailing_queue_ids":[],"_links":{"self":[{"href":"https:\/\/www.intelisis.com\/blog\/wp-json\/wp\/v2\/posts\/1481","targetHints":{"allow":["GET"]}}],"collection":[{"href":"https:\/\/www.intelisis.com\/blog\/wp-json\/wp\/v2\/posts"}],"about":[{"href":"https:\/\/www.intelisis.com\/blog\/wp-json\/wp\/v2\/types\/post"}],"author":[{"embeddable":true,"href":"https:\/\/www.intelisis.com\/blog\/wp-json\/wp\/v2\/users\/3"}],"replies":[{"embeddable":true,"href":"https:\/\/www.intelisis.com\/blog\/wp-json\/wp\/v2\/comments?post=1481"}],"version-history":[{"count":3,"href":"https:\/\/www.intelisis.com\/blog\/wp-json\/wp\/v2\/posts\/1481\/revisions"}],"predecessor-version":[{"id":1485,"href":"https:\/\/www.intelisis.com\/blog\/wp-json\/wp\/v2\/posts\/1481\/revisions\/1485"}],"wp:featuredmedia":[{"embeddable":true,"href":"https:\/\/www.intelisis.com\/blog\/wp-json\/wp\/v2\/media\/1483"}],"wp:attachment":[{"href":"https:\/\/www.intelisis.com\/blog\/wp-json\/wp\/v2\/media?parent=1481"}],"wp:term":[{"taxonomy":"category","embeddable":true,"href":"https:\/\/www.intelisis.com\/blog\/wp-json\/wp\/v2\/categories?post=1481"},{"taxonomy":"post_tag","embeddable":true,"href":"https:\/\/www.intelisis.com\/blog\/wp-json\/wp\/v2\/tags?post=1481"}],"curies":[{"name":"wp","href":"https:\/\/api.w.org\/{rel}","templated":true}]}}