{"id":1666,"date":"2019-11-11T13:59:15","date_gmt":"2019-11-11T19:59:15","guid":{"rendered":"http:\/\/intelisis.com\/blog\/?p=1666"},"modified":"2019-11-11T14:36:07","modified_gmt":"2019-11-11T20:36:07","slug":"mexico-de-cara-a-la-cuarta-revolucion-industrial","status":"publish","type":"post","link":"https:\/\/www.intelisis.com\/blog\/mexico-de-cara-a-la-cuarta-revolucion-industrial\/","title":{"rendered":"M\u00e9xico de cara a la cuarta revoluci\u00f3n industrial"},"content":{"rendered":"\n<p> El impulso de una Industria 4.0 debe venir acompa\u00f1ado positivamente por un apoyo t\u00e9cnico y, por ende, del crecimiento tecnol\u00f3gico, opina Dionisio Castillo. <\/p>\n\n\n\n<p>&nbsp;Hace unas semanas la iniciativa privada, sector p\u00fablico y representantes de la academia \u2013 cient\u00edfica, literaria o art\u00edstica, establecida con autoridad p\u00fablica \u2013 se unieron durante el anuncio de una nueva pol\u00edtica industrial del pa\u00eds, la cual desde hace unos 25 a\u00f1os no reflejaba grandes cambios y que hoy busca ser un referente para la innovaci\u00f3n y transformaci\u00f3n de ciertos sectores.<\/p>\n\n\n\n<p>Debatir su relativa y pronta aplicaci\u00f3n podr\u00eda traer a la mesa un sinf\u00edn de aristas que debemos tomar en cuenta y en las cuales, el grueso de los empresarios mexicanos debemos participar para llegar a una buena y correcta implementaci\u00f3n. Sin embargo, en esta ocasi\u00f3n me gustar\u00eda reflexionar en tres grandes rubros: el talento humano, la competitividad industrial y la igualdad econ\u00f3mica\u2013social.<\/p>\n\n\n\n<p>Comencemos por la gente. Seg\u00fan el estudio de Deloitte, consultor\u00eda en asesor\u00eda financiera, a clientes p\u00fablicos y privados de diversas industrias,&nbsp;<em>Tendencias Globales en Capital Humano 2019. Liderando la Empresa Social: reinvenci\u00f3n con un enfoque humano<\/em>, los dirigentes debemos adoptar siempre un punto de vista matizado para perseguir objetivos comerciales tradicionales. \u00bfQu\u00e9 debemos visualizar? El contexto, nuevas competencias cr\u00edticas como: la conducci\u00f3n a trav\u00e9s del cambio, la ambig\u00fcedad, la incertidumbre; as\u00ed como la comprensi\u00f3n cada vez m\u00e1s profunda de las tecnolog\u00edas digitales y la inteligencia artificial.<\/p>\n\n\n\n<p>Los resultados de dicho estudio, los cuales se obtienen a ra\u00edz de una encuesta, arrojan que el 84% de los participantes visualiza la necesidad de repensar la experiencia laboral para mejorar la productividad y deja ver que las empresas en M\u00e9xico tienen una leg\u00edtima preocupaci\u00f3n por saber c\u00f3mo acelerar el desarrollo de las personas, dado los cambios en la forma de trabajar generados por las nuevas tecnolog\u00edas y de la transici\u00f3n a nuevos esquemas de colaboraci\u00f3n.<\/p>\n\n\n\n<p>Una minor\u00eda de participantes en dicho documento consider\u00f3 que el rubro de la automatizaci\u00f3n implica reimaginar c\u00f3mo se hace el trabajo, resultando de esto el hecho de que la cuarta revoluci\u00f3n industrial nos alcanz\u00f3 gracias al Internet de las Cosas, la nube, la integraci\u00f3n de los datos y los sistemas de fabricaci\u00f3n. Con este antecedente, la gran pregunta que debemos hacernos ante el nuevo dec\u00e1logo se basa en qu\u00e9 papel debemos darle a la gente en esta apuesta industrial.<\/p>\n\n\n\n<p>Esto nos lleva a la segunda reflexi\u00f3n. Si bien esta pol\u00edtica puede representar el inicio \u2013 tard\u00edo para M\u00e9xico \u2013 del boom de la industria 4.0, debemos apuntalar el crecimiento competitivo de los sectores involucrados (automotriz-autopartes, aeroespacial y el\u00e9ctrico-electr\u00f3nico) para colocar a nuestro pa\u00eds en una senda de desarrollo sustentable, fortalecer las cadenas productivas industriales y equilibrar el progreso por sectores y regiones.<\/p>\n\n\n\n<p>Comencemos por la gente. Seg\u00fan el estudio de Deloitte, consultor\u00eda en asesor\u00eda financiera, a clientes p\u00fablicos y privados de diversas industrias,&nbsp;<em>Tendencias Globales en Capital Humano 2019. Liderando la Empresa Social: reinvenci\u00f3n con un enfoque humano<\/em>, los dirigentes debemos adoptar siempre un punto de vista matizado para perseguir objetivos comerciales tradicionales. \u00bfQu\u00e9 debemos visualizar? El contexto, nuevas competencias cr\u00edticas como: la conducci\u00f3n a trav\u00e9s del cambio, la ambig\u00fcedad, la incertidumbre; as\u00ed como la comprensi\u00f3n cada vez m\u00e1s profunda de las tecnolog\u00edas digitales y la inteligencia artificial.<\/p>\n\n\n\n<p>Los resultados de dicho estudio, los cuales se obtienen a ra\u00edz de una encuesta, arrojan que el 84% de los participantes visualiza la necesidad de repensar la experiencia laboral para mejorar la productividad y deja ver que las empresas en M\u00e9xico tienen una leg\u00edtima preocupaci\u00f3n por saber c\u00f3mo acelerar el desarrollo de las personas, dado los cambios en la forma de trabajar generados por las nuevas tecnolog\u00edas y de la transici\u00f3n a nuevos esquemas de colaboraci\u00f3n.<\/p>\n\n\n\n<p>Una minor\u00eda de participantes en dicho documento consider\u00f3 que el rubro de la automatizaci\u00f3n implica reimaginar c\u00f3mo se hace el trabajo, resultando de esto el hecho de que la cuarta revoluci\u00f3n industrial nos alcanz\u00f3 gracias al Internet de las Cosas, la nube, la integraci\u00f3n de los datos y los sistemas de fabricaci\u00f3n. Con este antecedente, la gran pregunta que debemos hacernos ante el nuevo dec\u00e1logo se basa en qu\u00e9 papel debemos darle a la gente en esta apuesta industrial.<\/p>\n\n\n\n<p>Esto nos lleva a la segunda reflexi\u00f3n. Si bien esta pol\u00edtica puede representar el inicio \u2013 tard\u00edo para M\u00e9xico \u2013 del boom de la industria 4.0, debemos apuntalar el crecimiento competitivo de los sectores involucrados (automotriz-autopartes, aeroespacial y el\u00e9ctrico-electr\u00f3nico) para colocar a nuestro pa\u00eds en una senda de desarrollo sustentable, fortalecer las cadenas productivas industriales y equilibrar el progreso por sectores y regiones.<\/p>\n\n\n\n<p>Es importante tener claro que el impulso de una Industria 4.0 debe venir acompa\u00f1ado positivamente por un apoyo t\u00e9cnico y, por ende, del crecimiento tecnol\u00f3gico, sin que esto represente desplazamiento de empleos. Debemos hacer una integraci\u00f3n diaria, pero evolucionar a la par, para que la transici\u00f3n sea a favor de la sociedad y del desenvolvimiento industrial.<\/p>\n\n\n\n<p>Y ante este boom, \u00bfla brecha de desigualdad econ\u00f3mica y social crecer\u00e1? La especulaci\u00f3n podr\u00eda darnos respuestas que parecer\u00edan certeras, pero es nuestro trabajo como l\u00edderes empresariales contener, a la par de que crecemos, que la bifurcaci\u00f3n se extienda de m\u00e1s.<\/p><div id=\"intel-989545680\" class=\"intel-contenido-4 intel-entity-placement\"><!--noptimize--><img loading=\"lazy\" decoding=\"async\" src=\"https:\/\/www.intelisis.com\/blog\/wp-content\/uploads\/2025\/04\/\u00bfQue-debe-tener-un-ERP-en-2025-La-guia-definitiva-para-optimizar-tu-negocio-CTA-02-min.png\" alt=\"\u00bfQu\u00e9 debe tener un ERP en 2025? La gu\u00eda definitiva para optimizar tu negocio\"  srcset=\"https:\/\/www.intelisis.com\/blog\/wp-content\/uploads\/2025\/04\/\u00bfQue-debe-tener-un-ERP-en-2025-La-guia-definitiva-para-optimizar-tu-negocio-CTA-02-min.png 701w, https:\/\/www.intelisis.com\/blog\/wp-content\/uploads\/2025\/04\/\u00bfQue-debe-tener-un-ERP-en-2025-La-guia-definitiva-para-optimizar-tu-negocio-CTA-02-min-300x116.png 300w, https:\/\/www.intelisis.com\/blog\/wp-content\/uploads\/2025\/04\/\u00bfQue-debe-tener-un-ERP-en-2025-La-guia-definitiva-para-optimizar-tu-negocio-CTA-02-min-500x193.png 500w\" sizes=\"(max-width: 701px) 100vw, 701px\" width=\"701\" height=\"270\"   \/><!--\/noptimize--><\/div>\n\n\n\n<p>Empresarios, industrias y gobierno debemos abordar c\u00f3mo aminorar la desigualdad en aquellas zonas del pa\u00eds que se encuentran ante un rezago econ\u00f3mico y social, el cual, ante la apertura del mercado deber\u00eda cambiar y dinamizarse a favor del crecimiento nacional e impacto regional.<\/p>\n\n\n\n<p> Sin duda, para establecer lo anterior y, adem\u00e1s, capitalizar hacia los dos puntos previos, debemos firmar un compromiso interno para impulsar la adecuada implementaci\u00f3n de programas de formaci\u00f3n profesional, capacitaci\u00f3n continua y certificaci\u00f3n de competencias para volver tangible el incremento de productividad y, por ende, impulsar la creaci\u00f3n de empleos permanentes que en los \u00faltimos a\u00f1os se ha frenado. <\/p>\n\n\n\n<p> Por ello siempre har\u00e9 un llamado a que en la iniciativa privada tomemos un rol proactivo, enfocado y con una visi\u00f3n a un futuro pr\u00f3spero. Adem\u00e1s, considerando que los trabajos que hoy existen ser\u00e1n diferentes en 10 a\u00f1os, la tecnolog\u00eda debe ser el elemento integrador que construya certeza ante las inminentes y necesarias actualizaciones de las pol\u00edticas industriales, sociales y econ\u00f3micas por venir. <\/p>\n\n\n\n<p>Fuente: Expansi\u00f3n<\/p>\n\n\n\n<p><a href=\"https:\/\/expansion.mx\/opinion\/2019\/11\/08\/mexico-de-cara-a-la-cuarta-revolucion-industrial\">https:\/\/expansion.mx\/opinion\/2019\/11\/08\/mexico-de-cara-a-la-cuarta-revolucion-industrial<\/a><\/p>\n\n\n<div class=\"kk-star-ratings kksr-auto kksr-align-center kksr-valign-bottom\"\n    data-payload='{&quot;align&quot;:&quot;center&quot;,&quot;id&quot;:&quot;1666&quot;,&quot;slug&quot;:&quot;default&quot;,&quot;valign&quot;:&quot;bottom&quot;,&quot;ignore&quot;:&quot;&quot;,&quot;reference&quot;:&quot;auto&quot;,&quot;class&quot;:&quot;&quot;,&quot;count&quot;:&quot;0&quot;,&quot;legendonly&quot;:&quot;&quot;,&quot;readonly&quot;:&quot;&quot;,&quot;score&quot;:&quot;0&quot;,&quot;starsonly&quot;:&quot;&quot;,&quot;best&quot;:&quot;5&quot;,&quot;gap&quot;:&quot;5&quot;,&quot;greet&quot;:&quot;Califica post&quot;,&quot;legend&quot;:&quot;0\\\/5 - (0 votes)&quot;,&quot;size&quot;:&quot;15&quot;,&quot;title&quot;:&quot;M\u00e9xico de cara a la cuarta revoluci\u00f3n industrial&quot;,&quot;width&quot;:&quot;0&quot;,&quot;_legend&quot;:&quot;{score}\\\/{best} - ({count} {votes})&quot;,&quot;font_factor&quot;:&quot;1.25&quot;}'>\n            \n<div class=\"kksr-stars\">\n    \n<div class=\"kksr-stars-inactive\">\n            <div class=\"kksr-star\" data-star=\"1\" style=\"padding-right: 5px\">\n            \n\n<div class=\"kksr-icon\" style=\"width: 15px; height: 15px;\"><\/div>\n        <\/div>\n            <div class=\"kksr-star\" data-star=\"2\" style=\"padding-right: 5px\">\n            \n\n<div class=\"kksr-icon\" style=\"width: 15px; height: 15px;\"><\/div>\n        <\/div>\n            <div class=\"kksr-star\" data-star=\"3\" style=\"padding-right: 5px\">\n            \n\n<div class=\"kksr-icon\" style=\"width: 15px; height: 15px;\"><\/div>\n        <\/div>\n            <div class=\"kksr-star\" data-star=\"4\" style=\"padding-right: 5px\">\n            \n\n<div class=\"kksr-icon\" style=\"width: 15px; height: 15px;\"><\/div>\n        <\/div>\n            <div class=\"kksr-star\" data-star=\"5\" style=\"padding-right: 5px\">\n            \n\n<div class=\"kksr-icon\" style=\"width: 15px; height: 15px;\"><\/div>\n        <\/div>\n    <\/div>\n    \n<div class=\"kksr-stars-active\" style=\"width: 0px;\">\n            <div class=\"kksr-star\" style=\"padding-right: 5px\">\n            \n\n<div class=\"kksr-icon\" style=\"width: 15px; height: 15px;\"><\/div>\n        <\/div>\n            <div class=\"kksr-star\" style=\"padding-right: 5px\">\n            \n\n<div class=\"kksr-icon\" style=\"width: 15px; height: 15px;\"><\/div>\n        <\/div>\n            <div class=\"kksr-star\" style=\"padding-right: 5px\">\n            \n\n<div class=\"kksr-icon\" style=\"width: 15px; height: 15px;\"><\/div>\n        <\/div>\n            <div class=\"kksr-star\" style=\"padding-right: 5px\">\n            \n\n<div class=\"kksr-icon\" style=\"width: 15px; height: 15px;\"><\/div>\n        <\/div>\n            <div class=\"kksr-star\" style=\"padding-right: 5px\">\n            \n\n<div class=\"kksr-icon\" style=\"width: 15px; height: 15px;\"><\/div>\n        <\/div>\n    <\/div>\n<\/div>\n                \n\n<div class=\"kksr-legend\" style=\"font-size: 12px;\">\n            <span class=\"kksr-muted\">Califica post<\/span>\n    <\/div>\n    <\/div>\n","protected":false},"excerpt":{"rendered":"<p>El impulso de una Industria 4.0 debe venir acompa\u00f1ado positivamente por un apoyo t\u00e9cnico y, por ende, del crecimiento tecnol\u00f3gico, opina Dionisio Castillo. &nbsp;Hace unas semanas la iniciativa privada, sector p\u00fablico y representantes de la academia \u2013 cient\u00edfica, literaria o art\u00edstica, establecida con autoridad p\u00fablica \u2013 se unieron durante el anuncio de una nueva pol\u00edtica [&hellip;]<\/p>\n","protected":false},"author":3,"featured_media":1549,"comment_status":"open","ping_status":"closed","sticky":false,"template":"","format":"image","meta":{"footnotes":""},"categories":[1],"tags":[275,76,75,14,276],"class_list":["post-1666","post","type-post","status-publish","format-image","has-post-thumbnail","hentry","category-tecnologia","tag-expansion","tag-industria-mexico","tag-innovacion-empresas","tag-intelisis","tag-opinion","post_format-post-format-image"],"aioseo_notices":[],"yoast_head":"<!-- This site is optimized with the Yoast SEO Premium plugin v27.4 (Yoast SEO v27.5) - https:\/\/yoast.com\/product\/yoast-seo-premium-wordpress\/ -->\n<title>M\u00e9xico de cara a la cuarta revoluci\u00f3n industrial<\/title>\n<meta name=\"description\" content=\"El impulso de una Industria 4.0 debe venir acompa\u00f1ado positivamente por un apoyo t\u00e9cnico y, por ende, del crecimiento tecnol\u00f3gico, opina Dionisio Castillo.\" \/>\n<meta name=\"robots\" content=\"index, follow, max-snippet:-1, max-image-preview:large, max-video-preview:-1\" \/>\n<link rel=\"canonical\" href=\"https:\/\/www.intelisis.com\/blog\/mexico-de-cara-a-la-cuarta-revolucion-industrial\/\" \/>\n<meta property=\"og:locale\" content=\"es_MX\" \/>\n<meta property=\"og:type\" content=\"article\" \/>\n<meta property=\"og:title\" content=\"M\u00e9xico de cara a la cuarta revoluci\u00f3n industrial\" \/>\n<meta property=\"og:description\" content=\"El impulso de una Industria 4.0 debe venir acompa\u00f1ado positivamente por un apoyo t\u00e9cnico y, por ende, del crecimiento tecnol\u00f3gico, opina Dionisio Castillo.\" \/>\n<meta property=\"og:url\" content=\"https:\/\/www.intelisis.com\/blog\/mexico-de-cara-a-la-cuarta-revolucion-industrial\/\" \/>\n<meta property=\"og:site_name\" content=\"Intelisis Blog\" \/>\n<meta property=\"article:publisher\" content=\"https:\/\/www.facebook.com\/Intelisis\/\" \/>\n<meta property=\"article:published_time\" content=\"2019-11-11T19:59:15+00:00\" \/>\n<meta property=\"article:modified_time\" content=\"2019-11-11T20:36:07+00:00\" \/>\n<meta property=\"og:image\" content=\"https:\/\/www.intelisis.com\/blog\/wp-content\/uploads\/2019\/05\/bi-art\u00edculo.png\" \/>\n\t<meta property=\"og:image:width\" content=\"1000\" \/>\n\t<meta property=\"og:image:height\" content=\"628\" \/>\n\t<meta property=\"og:image:type\" content=\"image\/png\" \/>\n<meta name=\"author\" content=\"IntelisisMx\" \/>\n<meta name=\"twitter:card\" content=\"summary_large_image\" \/>\n<meta name=\"twitter:creator\" content=\"@IntelisisCorp\" \/>\n<meta name=\"twitter:site\" content=\"@IntelisisCorp\" \/>\n<meta name=\"twitter:label1\" content=\"Escrito por\" \/>\n\t<meta name=\"twitter:data1\" content=\"IntelisisMx\" \/>\n\t<meta name=\"twitter:label2\" content=\"Tiempo de lectura\" \/>\n\t<meta name=\"twitter:data2\" content=\"6 minutos\" \/>\n<script type=\"application\/ld+json\" class=\"yoast-schema-graph\">{\"@context\":\"https:\\\/\\\/schema.org\",\"@graph\":[{\"@type\":\"Article\",\"@id\":\"https:\\\/\\\/www.intelisis.com\\\/blog\\\/mexico-de-cara-a-la-cuarta-revolucion-industrial\\\/#article\",\"isPartOf\":{\"@id\":\"https:\\\/\\\/www.intelisis.com\\\/blog\\\/mexico-de-cara-a-la-cuarta-revolucion-industrial\\\/\"},\"author\":{\"name\":\"IntelisisMx\",\"@id\":\"https:\\\/\\\/www.intelisis.com\\\/blog\\\/#\\\/schema\\\/person\\\/f6b0fe69076f2e97113f967cfc2f385f\"},\"headline\":\"M\u00e9xico de cara a la cuarta revoluci\u00f3n industrial\",\"datePublished\":\"2019-11-11T19:59:15+00:00\",\"dateModified\":\"2019-11-11T20:36:07+00:00\",\"mainEntityOfPage\":{\"@id\":\"https:\\\/\\\/www.intelisis.com\\\/blog\\\/mexico-de-cara-a-la-cuarta-revolucion-industrial\\\/\"},\"wordCount\":1140,\"commentCount\":0,\"publisher\":{\"@id\":\"https:\\\/\\\/www.intelisis.com\\\/blog\\\/#organization\"},\"image\":{\"@id\":\"https:\\\/\\\/www.intelisis.com\\\/blog\\\/mexico-de-cara-a-la-cuarta-revolucion-industrial\\\/#primaryimage\"},\"thumbnailUrl\":\"https:\\\/\\\/www.intelisis.com\\\/blog\\\/wp-content\\\/uploads\\\/2019\\\/05\\\/bi-art\u00edculo.png\",\"keywords\":[\"Expansi\u00f3n\",\"industria mexico\",\"innovacion empresas\",\"Intelisis\",\"Opini\u00f3n\"],\"articleSection\":[\"Tecnolog\u00eda\"],\"inLanguage\":\"es\",\"potentialAction\":[{\"@type\":\"CommentAction\",\"name\":\"Comment\",\"target\":[\"https:\\\/\\\/www.intelisis.com\\\/blog\\\/mexico-de-cara-a-la-cuarta-revolucion-industrial\\\/#respond\"]}]},{\"@type\":\"WebPage\",\"@id\":\"https:\\\/\\\/www.intelisis.com\\\/blog\\\/mexico-de-cara-a-la-cuarta-revolucion-industrial\\\/\",\"url\":\"https:\\\/\\\/www.intelisis.com\\\/blog\\\/mexico-de-cara-a-la-cuarta-revolucion-industrial\\\/\",\"name\":\"M\u00e9xico de cara a la cuarta revoluci\u00f3n industrial\",\"isPartOf\":{\"@id\":\"https:\\\/\\\/www.intelisis.com\\\/blog\\\/#website\"},\"primaryImageOfPage\":{\"@id\":\"https:\\\/\\\/www.intelisis.com\\\/blog\\\/mexico-de-cara-a-la-cuarta-revolucion-industrial\\\/#primaryimage\"},\"image\":{\"@id\":\"https:\\\/\\\/www.intelisis.com\\\/blog\\\/mexico-de-cara-a-la-cuarta-revolucion-industrial\\\/#primaryimage\"},\"thumbnailUrl\":\"https:\\\/\\\/www.intelisis.com\\\/blog\\\/wp-content\\\/uploads\\\/2019\\\/05\\\/bi-art\u00edculo.png\",\"datePublished\":\"2019-11-11T19:59:15+00:00\",\"dateModified\":\"2019-11-11T20:36:07+00:00\",\"description\":\"El impulso de una Industria 4.0 debe venir acompa\u00f1ado positivamente por un apoyo t\u00e9cnico y, por ende, del crecimiento tecnol\u00f3gico, opina Dionisio Castillo.\",\"breadcrumb\":{\"@id\":\"https:\\\/\\\/www.intelisis.com\\\/blog\\\/mexico-de-cara-a-la-cuarta-revolucion-industrial\\\/#breadcrumb\"},\"inLanguage\":\"es\",\"potentialAction\":[{\"@type\":\"ReadAction\",\"target\":[\"https:\\\/\\\/www.intelisis.com\\\/blog\\\/mexico-de-cara-a-la-cuarta-revolucion-industrial\\\/\"]}]},{\"@type\":\"ImageObject\",\"inLanguage\":\"es\",\"@id\":\"https:\\\/\\\/www.intelisis.com\\\/blog\\\/mexico-de-cara-a-la-cuarta-revolucion-industrial\\\/#primaryimage\",\"url\":\"https:\\\/\\\/www.intelisis.com\\\/blog\\\/wp-content\\\/uploads\\\/2019\\\/05\\\/bi-art\u00edculo.png\",\"contentUrl\":\"https:\\\/\\\/www.intelisis.com\\\/blog\\\/wp-content\\\/uploads\\\/2019\\\/05\\\/bi-art\u00edculo.png\",\"width\":1000,\"height\":628},{\"@type\":\"BreadcrumbList\",\"@id\":\"https:\\\/\\\/www.intelisis.com\\\/blog\\\/mexico-de-cara-a-la-cuarta-revolucion-industrial\\\/#breadcrumb\",\"itemListElement\":[{\"@type\":\"ListItem\",\"position\":1,\"name\":\"Inicio\",\"item\":\"https:\\\/\\\/www.intelisis.com\\\/blog\\\/\"},{\"@type\":\"ListItem\",\"position\":2,\"name\":\"M\u00e9xico de cara a la cuarta revoluci\u00f3n industrial\"}]},{\"@type\":\"WebSite\",\"@id\":\"https:\\\/\\\/www.intelisis.com\\\/blog\\\/#website\",\"url\":\"https:\\\/\\\/www.intelisis.com\\\/blog\\\/\",\"name\":\"Blog Intelisis Software\",\"description\":\"Informaci&oacute;n de valor sobre ERP y tendencias tecnol&oacute;gicas\",\"publisher\":{\"@id\":\"https:\\\/\\\/www.intelisis.com\\\/blog\\\/#organization\"},\"potentialAction\":[{\"@type\":\"SearchAction\",\"target\":{\"@type\":\"EntryPoint\",\"urlTemplate\":\"https:\\\/\\\/www.intelisis.com\\\/blog\\\/?s={search_term_string}\"},\"query-input\":{\"@type\":\"PropertyValueSpecification\",\"valueRequired\":true,\"valueName\":\"search_term_string\"}}],\"inLanguage\":\"es\"},{\"@type\":\"Organization\",\"@id\":\"https:\\\/\\\/www.intelisis.com\\\/blog\\\/#organization\",\"name\":\"Intelisis Software\",\"url\":\"https:\\\/\\\/www.intelisis.com\\\/blog\\\/\",\"logo\":{\"@type\":\"ImageObject\",\"inLanguage\":\"es\",\"@id\":\"https:\\\/\\\/www.intelisis.com\\\/blog\\\/#\\\/schema\\\/logo\\\/image\\\/\",\"url\":\"https:\\\/\\\/www.intelisis.com\\\/blog\\\/wp-content\\\/uploads\\\/2023\\\/08\\\/logo_intelisis_.png\",\"contentUrl\":\"https:\\\/\\\/www.intelisis.com\\\/blog\\\/wp-content\\\/uploads\\\/2023\\\/08\\\/logo_intelisis_.png\",\"width\":1133,\"height\":326,\"caption\":\"Intelisis Software\"},\"image\":{\"@id\":\"https:\\\/\\\/www.intelisis.com\\\/blog\\\/#\\\/schema\\\/logo\\\/image\\\/\"},\"sameAs\":[\"https:\\\/\\\/www.facebook.com\\\/Intelisis\\\/\",\"https:\\\/\\\/x.com\\\/IntelisisCorp\",\"https:\\\/\\\/www.linkedin.com\\\/company\\\/intelisis-sa-de-cv\\\/\",\"https:\\\/\\\/www.youtube.com\\\/channel\\\/UCRFKIq10T-foPWN4hN2Jhrg\"]},{\"@type\":\"Person\",\"@id\":\"https:\\\/\\\/www.intelisis.com\\\/blog\\\/#\\\/schema\\\/person\\\/f6b0fe69076f2e97113f967cfc2f385f\",\"name\":\"IntelisisMx\",\"image\":{\"@type\":\"ImageObject\",\"inLanguage\":\"es\",\"@id\":\"https:\\\/\\\/secure.gravatar.com\\\/avatar\\\/3a62493c8f0a6cbeb44a5e9891b59832a8bb99768ef172a0b427705b1b2c0fb4?s=96&d=mm&r=g\",\"url\":\"https:\\\/\\\/secure.gravatar.com\\\/avatar\\\/3a62493c8f0a6cbeb44a5e9891b59832a8bb99768ef172a0b427705b1b2c0fb4?s=96&d=mm&r=g\",\"contentUrl\":\"https:\\\/\\\/secure.gravatar.com\\\/avatar\\\/3a62493c8f0a6cbeb44a5e9891b59832a8bb99768ef172a0b427705b1b2c0fb4?s=96&d=mm&r=g\",\"caption\":\"IntelisisMx\"}}]}<\/script>\n<!-- \/ Yoast SEO Premium plugin. -->","yoast_head_json":{"title":"M\u00e9xico de cara a la cuarta revoluci\u00f3n industrial","description":"El impulso de una Industria 4.0 debe venir acompa\u00f1ado positivamente por un apoyo t\u00e9cnico y, por ende, del crecimiento tecnol\u00f3gico, opina Dionisio Castillo.","robots":{"index":"index","follow":"follow","max-snippet":"max-snippet:-1","max-image-preview":"max-image-preview:large","max-video-preview":"max-video-preview:-1"},"canonical":"https:\/\/www.intelisis.com\/blog\/mexico-de-cara-a-la-cuarta-revolucion-industrial\/","og_locale":"es_MX","og_type":"article","og_title":"M\u00e9xico de cara a la cuarta revoluci\u00f3n industrial","og_description":"El impulso de una Industria 4.0 debe venir acompa\u00f1ado positivamente por un apoyo t\u00e9cnico y, por ende, del crecimiento tecnol\u00f3gico, opina Dionisio Castillo.","og_url":"https:\/\/www.intelisis.com\/blog\/mexico-de-cara-a-la-cuarta-revolucion-industrial\/","og_site_name":"Intelisis Blog","article_publisher":"https:\/\/www.facebook.com\/Intelisis\/","article_published_time":"2019-11-11T19:59:15+00:00","article_modified_time":"2019-11-11T20:36:07+00:00","og_image":[{"width":1000,"height":628,"url":"https:\/\/www.intelisis.com\/blog\/wp-content\/uploads\/2019\/05\/bi-art\u00edculo.png","type":"image\/png"}],"author":"IntelisisMx","twitter_card":"summary_large_image","twitter_creator":"@IntelisisCorp","twitter_site":"@IntelisisCorp","twitter_misc":{"Escrito por":"IntelisisMx","Tiempo de lectura":"6 minutos"},"schema":{"@context":"https:\/\/schema.org","@graph":[{"@type":"Article","@id":"https:\/\/www.intelisis.com\/blog\/mexico-de-cara-a-la-cuarta-revolucion-industrial\/#article","isPartOf":{"@id":"https:\/\/www.intelisis.com\/blog\/mexico-de-cara-a-la-cuarta-revolucion-industrial\/"},"author":{"name":"IntelisisMx","@id":"https:\/\/www.intelisis.com\/blog\/#\/schema\/person\/f6b0fe69076f2e97113f967cfc2f385f"},"headline":"M\u00e9xico de cara a la cuarta revoluci\u00f3n industrial","datePublished":"2019-11-11T19:59:15+00:00","dateModified":"2019-11-11T20:36:07+00:00","mainEntityOfPage":{"@id":"https:\/\/www.intelisis.com\/blog\/mexico-de-cara-a-la-cuarta-revolucion-industrial\/"},"wordCount":1140,"commentCount":0,"publisher":{"@id":"https:\/\/www.intelisis.com\/blog\/#organization"},"image":{"@id":"https:\/\/www.intelisis.com\/blog\/mexico-de-cara-a-la-cuarta-revolucion-industrial\/#primaryimage"},"thumbnailUrl":"https:\/\/www.intelisis.com\/blog\/wp-content\/uploads\/2019\/05\/bi-art\u00edculo.png","keywords":["Expansi\u00f3n","industria mexico","innovacion empresas","Intelisis","Opini\u00f3n"],"articleSection":["Tecnolog\u00eda"],"inLanguage":"es","potentialAction":[{"@type":"CommentAction","name":"Comment","target":["https:\/\/www.intelisis.com\/blog\/mexico-de-cara-a-la-cuarta-revolucion-industrial\/#respond"]}]},{"@type":"WebPage","@id":"https:\/\/www.intelisis.com\/blog\/mexico-de-cara-a-la-cuarta-revolucion-industrial\/","url":"https:\/\/www.intelisis.com\/blog\/mexico-de-cara-a-la-cuarta-revolucion-industrial\/","name":"M\u00e9xico de cara a la cuarta revoluci\u00f3n industrial","isPartOf":{"@id":"https:\/\/www.intelisis.com\/blog\/#website"},"primaryImageOfPage":{"@id":"https:\/\/www.intelisis.com\/blog\/mexico-de-cara-a-la-cuarta-revolucion-industrial\/#primaryimage"},"image":{"@id":"https:\/\/www.intelisis.com\/blog\/mexico-de-cara-a-la-cuarta-revolucion-industrial\/#primaryimage"},"thumbnailUrl":"https:\/\/www.intelisis.com\/blog\/wp-content\/uploads\/2019\/05\/bi-art\u00edculo.png","datePublished":"2019-11-11T19:59:15+00:00","dateModified":"2019-11-11T20:36:07+00:00","description":"El impulso de una Industria 4.0 debe venir acompa\u00f1ado positivamente por un apoyo t\u00e9cnico y, por ende, del crecimiento tecnol\u00f3gico, opina Dionisio Castillo.","breadcrumb":{"@id":"https:\/\/www.intelisis.com\/blog\/mexico-de-cara-a-la-cuarta-revolucion-industrial\/#breadcrumb"},"inLanguage":"es","potentialAction":[{"@type":"ReadAction","target":["https:\/\/www.intelisis.com\/blog\/mexico-de-cara-a-la-cuarta-revolucion-industrial\/"]}]},{"@type":"ImageObject","inLanguage":"es","@id":"https:\/\/www.intelisis.com\/blog\/mexico-de-cara-a-la-cuarta-revolucion-industrial\/#primaryimage","url":"https:\/\/www.intelisis.com\/blog\/wp-content\/uploads\/2019\/05\/bi-art\u00edculo.png","contentUrl":"https:\/\/www.intelisis.com\/blog\/wp-content\/uploads\/2019\/05\/bi-art\u00edculo.png","width":1000,"height":628},{"@type":"BreadcrumbList","@id":"https:\/\/www.intelisis.com\/blog\/mexico-de-cara-a-la-cuarta-revolucion-industrial\/#breadcrumb","itemListElement":[{"@type":"ListItem","position":1,"name":"Inicio","item":"https:\/\/www.intelisis.com\/blog\/"},{"@type":"ListItem","position":2,"name":"M\u00e9xico de cara a la cuarta revoluci\u00f3n industrial"}]},{"@type":"WebSite","@id":"https:\/\/www.intelisis.com\/blog\/#website","url":"https:\/\/www.intelisis.com\/blog\/","name":"Blog Intelisis Software","description":"Informaci&oacute;n de valor sobre ERP y tendencias tecnol&oacute;gicas","publisher":{"@id":"https:\/\/www.intelisis.com\/blog\/#organization"},"potentialAction":[{"@type":"SearchAction","target":{"@type":"EntryPoint","urlTemplate":"https:\/\/www.intelisis.com\/blog\/?s={search_term_string}"},"query-input":{"@type":"PropertyValueSpecification","valueRequired":true,"valueName":"search_term_string"}}],"inLanguage":"es"},{"@type":"Organization","@id":"https:\/\/www.intelisis.com\/blog\/#organization","name":"Intelisis Software","url":"https:\/\/www.intelisis.com\/blog\/","logo":{"@type":"ImageObject","inLanguage":"es","@id":"https:\/\/www.intelisis.com\/blog\/#\/schema\/logo\/image\/","url":"https:\/\/www.intelisis.com\/blog\/wp-content\/uploads\/2023\/08\/logo_intelisis_.png","contentUrl":"https:\/\/www.intelisis.com\/blog\/wp-content\/uploads\/2023\/08\/logo_intelisis_.png","width":1133,"height":326,"caption":"Intelisis Software"},"image":{"@id":"https:\/\/www.intelisis.com\/blog\/#\/schema\/logo\/image\/"},"sameAs":["https:\/\/www.facebook.com\/Intelisis\/","https:\/\/x.com\/IntelisisCorp","https:\/\/www.linkedin.com\/company\/intelisis-sa-de-cv\/","https:\/\/www.youtube.com\/channel\/UCRFKIq10T-foPWN4hN2Jhrg"]},{"@type":"Person","@id":"https:\/\/www.intelisis.com\/blog\/#\/schema\/person\/f6b0fe69076f2e97113f967cfc2f385f","name":"IntelisisMx","image":{"@type":"ImageObject","inLanguage":"es","@id":"https:\/\/secure.gravatar.com\/avatar\/3a62493c8f0a6cbeb44a5e9891b59832a8bb99768ef172a0b427705b1b2c0fb4?s=96&d=mm&r=g","url":"https:\/\/secure.gravatar.com\/avatar\/3a62493c8f0a6cbeb44a5e9891b59832a8bb99768ef172a0b427705b1b2c0fb4?s=96&d=mm&r=g","contentUrl":"https:\/\/secure.gravatar.com\/avatar\/3a62493c8f0a6cbeb44a5e9891b59832a8bb99768ef172a0b427705b1b2c0fb4?s=96&d=mm&r=g","caption":"IntelisisMx"}}]}},"amp_enabled":true,"post_mailing_queue_ids":[],"_links":{"self":[{"href":"https:\/\/www.intelisis.com\/blog\/wp-json\/wp\/v2\/posts\/1666","targetHints":{"allow":["GET"]}}],"collection":[{"href":"https:\/\/www.intelisis.com\/blog\/wp-json\/wp\/v2\/posts"}],"about":[{"href":"https:\/\/www.intelisis.com\/blog\/wp-json\/wp\/v2\/types\/post"}],"author":[{"embeddable":true,"href":"https:\/\/www.intelisis.com\/blog\/wp-json\/wp\/v2\/users\/3"}],"replies":[{"embeddable":true,"href":"https:\/\/www.intelisis.com\/blog\/wp-json\/wp\/v2\/comments?post=1666"}],"version-history":[{"count":1,"href":"https:\/\/www.intelisis.com\/blog\/wp-json\/wp\/v2\/posts\/1666\/revisions"}],"predecessor-version":[{"id":1668,"href":"https:\/\/www.intelisis.com\/blog\/wp-json\/wp\/v2\/posts\/1666\/revisions\/1668"}],"wp:featuredmedia":[{"embeddable":true,"href":"https:\/\/www.intelisis.com\/blog\/wp-json\/wp\/v2\/media\/1549"}],"wp:attachment":[{"href":"https:\/\/www.intelisis.com\/blog\/wp-json\/wp\/v2\/media?parent=1666"}],"wp:term":[{"taxonomy":"category","embeddable":true,"href":"https:\/\/www.intelisis.com\/blog\/wp-json\/wp\/v2\/categories?post=1666"},{"taxonomy":"post_tag","embeddable":true,"href":"https:\/\/www.intelisis.com\/blog\/wp-json\/wp\/v2\/tags?post=1666"}],"curies":[{"name":"wp","href":"https:\/\/api.w.org\/{rel}","templated":true}]}}