{"id":2214,"date":"2025-11-11T09:00:00","date_gmt":"2025-11-11T15:00:00","guid":{"rendered":"https:\/\/www.intelisis.com\/blog\/blog\/?p=2214"},"modified":"2025-11-11T10:59:41","modified_gmt":"2025-11-11T16:59:41","slug":"tendencias-que-marcaran-el-futuro-del-e-commerce","status":"publish","type":"post","link":"https:\/\/www.intelisis.com\/blog\/tendencias-que-marcaran-el-futuro-del-e-commerce\/","title":{"rendered":"8 Tendencias que marcar\u00e1n el futuro del e-commerce en 2026"},"content":{"rendered":"\n<p>El <strong>e-commerce <\/strong>se ha consolidado como un eje fundamental en la transformaci\u00f3n digital de las empresas, redefiniendo la forma en que los consumidores interact\u00faan, compran y exigen valor.&nbsp;<\/p>\n\n\n\n<p>Con ventas globales que superan los 3.5 billones de d\u00f3lares y una evoluci\u00f3n acelerada en canales, dispositivos y expectativas, entender las tendencias que est\u00e1n moldeando su futuro es clave para mantener la competitividad.<\/p>\n\n\n\n<p>Este art\u00edculo identifica ocho tendencias que est\u00e1n redefiniendo el comercio electr\u00f3nico en 2026 y analiza c\u00f3mo impactan directamente en la gesti\u00f3n operativa, comercial y tecnol\u00f3gica de las empresas del sector.&nbsp;<\/p>\n\n\n\n<p>Desde la automatizaci\u00f3n inteligente hasta las experiencias inmersivas, cada tendencia representa una oportunidad estrat\u00e9gica para innovar, escalar y conectar con el cliente digital de forma m\u00e1s eficiente.<\/p>\n\n\n\n<h2 class=\"wp-block-heading\" id=\"h-1-mas-compras-en-redes-sociales\">1. M\u00e1s compras en redes sociales<\/h2>\n\n\n<div class=\"wp-block-image\">\n<figure class=\"aligncenter size-full is-resized\"><img loading=\"lazy\" decoding=\"async\" width=\"783\" height=\"438\" src=\"https:\/\/www.intelisis.com\/blog\/wp-content\/uploads\/2025\/11\/compras-en-redes-sociales.jpg\" alt=\"Tendencias e-commerce 2026 - M\u00e1s compras en redes sociales\" class=\"wp-image-5062\" style=\"object-fit:cover;width:700px;height:467px\" srcset=\"https:\/\/www.intelisis.com\/blog\/wp-content\/uploads\/2025\/11\/compras-en-redes-sociales.jpg 783w, https:\/\/www.intelisis.com\/blog\/wp-content\/uploads\/2025\/11\/compras-en-redes-sociales-300x168.jpg 300w, https:\/\/www.intelisis.com\/blog\/wp-content\/uploads\/2025\/11\/compras-en-redes-sociales-768x430.jpg 768w, https:\/\/www.intelisis.com\/blog\/wp-content\/uploads\/2025\/11\/compras-en-redes-sociales-500x280.jpg 500w, https:\/\/www.intelisis.com\/blog\/wp-content\/uploads\/2025\/11\/compras-en-redes-sociales-700x392.jpg 700w\" sizes=\"auto, (max-width: 783px) 100vw, 783px\" \/><\/figure>\n<\/div>\n\n\n<p>Las redes sociales se han convertido en <strong>canales de venta directa<\/strong>, donde el usuario descubre, compara y compra sin salir de la plataforma. Esta tendencia exige que las empresas integren sus cat\u00e1logos, inventarios y procesos de pago. Sobretodo en entornos como Instagram, TikTok y Facebook, donde la experiencia debe ser fluida y trazable.<\/p>\n\n\n\n<p>Digitalizar esta conexi\u00f3n permite activar campa\u00f1as segmentadas, automatizar la <a href=\"https:\/\/www.intelisis.com\/blog\/gestion-de-tu-negocio\/\">gesti\u00f3n de pedidos<\/a> y ofrecer atenci\u00f3n contextual en tiempo real.<\/p>\n\n\n\n<h2 class=\"wp-block-heading\" id=\"h-2-productos-ordenados-por-voz\">2. Productos ordenados por voz<\/h2>\n\n\n\n<p>La b\u00fasqueda y compra por voz est\u00e1 ganando terreno gracias a asistentes como Alexa, Siri y Google Assistant. Esta tendencia transforma el e-commerce en una <strong>experiencia m\u00e1s accesible, r\u00e1pida y sin fricciones<\/strong>, especialmente en contextos m\u00f3viles o multitarea.<\/p>\n\n\n\n<p>Para las empresas, adaptarse implica optimizar cat\u00e1logos con descripciones claras, integrar sistemas compatibles con comandos de voz y <a href=\"https:\/\/www.intelisis.com\/blog\/automatizar-reportes-y-consultas\/\">automatizar<\/a> la gesti\u00f3n de pedidos desde m\u00faltiples dispositivos.&nbsp;<\/p>\n\n\n\n<p>Esto no solo ampl\u00eda el alcance, sino que mejora la conversi\u00f3n en entornos donde la velocidad es clave.<\/p>\n\n\n\n<h2 class=\"wp-block-heading\" id=\"h-3-revolucion-de-compras-moviles\">3. Revoluci\u00f3n de compras m\u00f3viles<\/h2>\n\n\n\n<p>El m\u00f3vil ya no es solo un canal adicional: es el <strong>centro de la experiencia de compra digital<\/strong>. La mayor\u00eda de los usuarios descubren, comparan y compran desde sus tel\u00e9fonos, lo que exige interfaces \u00e1giles, navegaci\u00f3n intuitiva y procesos de pago simplificados.<\/p>\n\n\n\n<p>Para las empresas, esto implica <a href=\"https:\/\/www.intelisis.com\/blog\/automatizar-reportes-y-consultas\/\">optimizar<\/a> sus plataformas para velocidad, seguridad y compatibilidad con m\u00faltiples dispositivos. Adem\u00e1s de integrar inventarios, promociones y atenci\u00f3n al cliente en una arquitectura omnicanal que responda en tiempo real.<\/p>\n\n\n\n<h2 class=\"wp-block-heading\" id=\"h-4-automatizacion-para-mas-clientes\">4. Automatizaci\u00f3n para m\u00e1s clientes<\/h2>\n\n\n<div class=\"wp-block-image\">\n<figure class=\"aligncenter size-full is-resized\"><img loading=\"lazy\" decoding=\"async\" width=\"649\" height=\"438\" src=\"https:\/\/www.intelisis.com\/blog\/wp-content\/uploads\/2025\/11\/Automatizacion-de-procesos.jpg\" alt=\"Tendencias e-commerce 2026 - Automatizaci\u00f3n de procesos\" class=\"wp-image-5063\" style=\"object-fit:cover;width:700px;height:467px\" srcset=\"https:\/\/www.intelisis.com\/blog\/wp-content\/uploads\/2025\/11\/Automatizacion-de-procesos.jpg 649w, https:\/\/www.intelisis.com\/blog\/wp-content\/uploads\/2025\/11\/Automatizacion-de-procesos-300x202.jpg 300w, https:\/\/www.intelisis.com\/blog\/wp-content\/uploads\/2025\/11\/Automatizacion-de-procesos-305x207.jpg 305w, https:\/\/www.intelisis.com\/blog\/wp-content\/uploads\/2025\/11\/Automatizacion-de-procesos-622x420.jpg 622w, https:\/\/www.intelisis.com\/blog\/wp-content\/uploads\/2025\/11\/Automatizacion-de-procesos-500x337.jpg 500w\" sizes=\"auto, (max-width: 649px) 100vw, 649px\" \/><\/figure>\n<\/div>\n\n\n<p>La automatizaci\u00f3n permite escalar la operaci\u00f3n <strong>sin comprometer la calidad ni saturar los equipos<\/strong>.&nbsp;<\/p>\n\n\n\n<p>Desde la gesti\u00f3n de pedidos hasta el seguimiento postventa, automatizar procesos clave en e-commerce mejora la eficiencia, reduce errores y libera tiempo para tareas estrat\u00e9gicas.<\/p><div id=\"intel-1196447874\" class=\"intel-contenido-4 intel-entity-placement\"><!--noptimize--><img loading=\"lazy\" decoding=\"async\" src=\"https:\/\/www.intelisis.com\/blog\/wp-content\/uploads\/2025\/04\/\u00bfQue-debe-tener-un-ERP-en-2025-La-guia-definitiva-para-optimizar-tu-negocio-CTA-02-min.png\" alt=\"\u00bfQu\u00e9 debe tener un ERP en 2025? La gu\u00eda definitiva para optimizar tu negocio\"  srcset=\"https:\/\/www.intelisis.com\/blog\/wp-content\/uploads\/2025\/04\/\u00bfQue-debe-tener-un-ERP-en-2025-La-guia-definitiva-para-optimizar-tu-negocio-CTA-02-min.png 701w, https:\/\/www.intelisis.com\/blog\/wp-content\/uploads\/2025\/04\/\u00bfQue-debe-tener-un-ERP-en-2025-La-guia-definitiva-para-optimizar-tu-negocio-CTA-02-min-300x116.png 300w, https:\/\/www.intelisis.com\/blog\/wp-content\/uploads\/2025\/04\/\u00bfQue-debe-tener-un-ERP-en-2025-La-guia-definitiva-para-optimizar-tu-negocio-CTA-02-min-500x193.png 500w\" sizes=\"(max-width: 701px) 100vw, 701px\" width=\"701\" height=\"270\"   \/><!--\/noptimize--><\/div>\n\n\n\n<p>Integrar flujos automatizados con el ERP y los canales digitales permite atender m\u00e1s clientes con menos fricci\u00f3n. As\u00ed como personalizar la experiencia y responder en tiempo real a cambios en la demanda.<\/p>\n\n\n\n<h2 class=\"wp-block-heading\" id=\"h-5-personalizacion-predictiva-basada-en-comportamiento-de-compra\">5. Personalizaci\u00f3n predictiva basada en comportamiento de compra<\/h2>\n\n\n\n<p>La personalizaci\u00f3n predictiva est\u00e1 redefiniendo la forma en que las empresas de e-commerce <strong>entienden y responden a sus clientes<\/strong>. Ya no se trata solo de mostrar productos relacionados, sino de anticipar necesidades con base en patrones de navegaci\u00f3n, historial de compras, frecuencia de interacci\u00f3n y contexto digital.<\/p>\n\n\n\n<p>Gracias a algoritmos de machine learning y an\u00e1lisis de datos en tiempo real, las plataformas pueden ofrecer recomendaciones hiperrelevantes, ajustar precios din\u00e1micamente y activar campa\u00f1as automatizadas seg\u00fan el perfil de cada usuario. Esto no solo mejora la conversi\u00f3n, sino que optimiza la experiencia del cliente y fortalece la fidelizaci\u00f3n.<\/p>\n\n\n\n<p>Para las empresas, integrar esta capacidad implica conectar su ERP, CRM y canales digitales en una arquitectura que permita capturar, procesar y actuar sobre datos de forma \u00e1gil y segura.<\/p>\n\n\n\n<h2 class=\"wp-block-heading\" id=\"h-6-integracion-omnicanal-para-experiencias-fluidas\">6. Integraci\u00f3n omnicanal para experiencias fluidas<\/h2>\n\n\n\n<p>La integraci\u00f3n omnicanal se ha convertido en un est\u00e1ndar para las empresas de e-commerce que buscan <strong>ofrecer una experiencia coherente en todos los puntos de contacto<\/strong>.&nbsp;<\/p>\n\n\n\n<p>Ya no basta con tener presencia en m\u00faltiples canales: es necesario que todos est\u00e9n conectados, compartan datos en tiempo real y respondan de forma coordinada.<\/p>\n\n\n\n<p>Desde tiendas f\u00edsicas hasta redes sociales, marketplaces, apps m\u00f3viles y atenci\u00f3n personalizada, el cliente espera continuidad en su recorrido. Esto implica que inventarios, promociones, historial de compra y atenci\u00f3n postventa est\u00e9n sincronizados sin fricciones.<\/p>\n\n\n\n<p>Para lograrlo, las empresas deben integrar su ERP, CRM y plataformas de e-commerce en una arquitectura que permita visibilidad total, automatizaci\u00f3n de procesos y toma de decisiones basada en datos unificados<\/p>\n\n\n\n<h2 class=\"wp-block-heading\" id=\"h-7-logistica-inteligente-y-entregas-hiperlocales\">7. Log\u00edstica inteligente y entregas hiperlocales<\/h2>\n\n\n<div class=\"wp-block-image\">\n<figure class=\"aligncenter size-full is-resized\"><img loading=\"lazy\" decoding=\"async\" width=\"644\" height=\"437\" src=\"https:\/\/www.intelisis.com\/blog\/wp-content\/uploads\/2025\/11\/Logistica-inteligente.jpg\" alt=\"Tendencias e-commerce 2026 - Log\u00edstica inteligente\" class=\"wp-image-5064\" style=\"object-fit:cover;width:700px;height:467px\" srcset=\"https:\/\/www.intelisis.com\/blog\/wp-content\/uploads\/2025\/11\/Logistica-inteligente.jpg 644w, https:\/\/www.intelisis.com\/blog\/wp-content\/uploads\/2025\/11\/Logistica-inteligente-300x204.jpg 300w, https:\/\/www.intelisis.com\/blog\/wp-content\/uploads\/2025\/11\/Logistica-inteligente-305x207.jpg 305w, https:\/\/www.intelisis.com\/blog\/wp-content\/uploads\/2025\/11\/Logistica-inteligente-500x339.jpg 500w\" sizes=\"auto, (max-width: 644px) 100vw, 644px\" \/><\/figure>\n<\/div>\n\n\n<p>La log\u00edstica se ha convertido en un diferenciador clave en el e-commerce, especialmente en un entorno donde la <strong>inmediatez es parte de la expectativa del cliente<\/strong>. La tendencia apunta hacia modelos de entrega hiperlocal, donde la proximidad al consumidor permite despachos en horas, no d\u00edas.<\/p>\n\n\n\n<p>Para lograrlo, las empresas est\u00e1n adoptando tecnolog\u00edas de geolocalizaci\u00f3n, algoritmos de ruteo din\u00e1mico, centros de distribuci\u00f3n descentralizados y alianzas con operadores log\u00edsticos locales.&nbsp;<\/p>\n\n\n\n<p>Esta log\u00edstica inteligente no solo reduce tiempos y costos, sino que mejora la trazabilidad y la experiencia postventa.<\/p>\n\n\n\n<p>Integrar estos procesos con el ERP y los canales de venta permite automatizar la promesa de entrega, optimizar inventarios por zona y responder con agilidad ante cambios en la demanda.<\/p>\n\n\n\n<h2 class=\"wp-block-heading\" id=\"h-8-experiencias-inmersivas-con-realidad-aumentada-y-virtual\">8. Experiencias inmersivas con realidad aumentada y virtual<\/h2>\n\n\n\n<p>La realidad aumentada (AR) y la realidad virtual (VR) est\u00e1n transformando el e-commerce en una experiencia sensorial, donde el cliente <strong>no solo ve el producto, sino que lo prueba, lo recorre o lo visualiza en su entorno antes de comprar<\/strong>. Esta inmersi\u00f3n reduce la incertidumbre, mejora la conversi\u00f3n y fortalece la conexi\u00f3n emocional con la marca.<\/p>\n\n\n\n<p>Desde probadores virtuales hasta recorridos 3D de espacios, las empresas que integran estas tecnolog\u00edas ofrecen una ventaja competitiva clara.&nbsp;<\/p>\n\n\n\n<p>Para lograrlo, deben conectar sus cat\u00e1logos digitales, inventarios y plataformas de venta con motores gr\u00e1ficos y sistemas de visualizaci\u00f3n, asegurando que la experiencia sea fluida, precisa y alineada con la promesa comercial.<\/p>\n\n\n\n<h2 class=\"wp-block-heading\" id=\"h-conclusion\">Conclusi\u00f3n<\/h2>\n\n\n\n<p>El e-commerce est\u00e1 evolucionando m\u00e1s all\u00e1 de la transacci\u00f3n digital: se convierte en un <strong>ecosistema inteligente, predictivo y conectado que exige agilidad, integraci\u00f3n y visi\u00f3n estrat\u00e9gica<\/strong>.&nbsp;<\/p>\n\n\n\n<p>Las tendencias emergentes \u2014desde la personalizaci\u00f3n basada en datos hasta la log\u00edstica hiperlocal y las experiencias inmersivas\u2014 no solo transforman la relaci\u00f3n con el cliente, sino tambi\u00e9n la forma en que las empresas gestionan sus procesos, tecnolog\u00eda y decisiones.<\/p>\n\n\n\n<p>Adaptarse a este nuevo entorno requiere m\u00e1s que presencia digital: implica contar con soluciones tecnol\u00f3gicas que integren canales, automatizaci\u00f3n, inteligencia comercial y trazabilidad operativa. Solo as\u00ed es posible escalar con eficiencia y responder a las expectativas del consumidor moderno.<\/p>\n\n\n\n<p><strong>\u00bfTu empresa est\u00e1 lista para enfrentar el futuro del e-commerce? <\/strong>Descubre c\u00f3mo <a href=\"https:\/\/www.intelisis.com\/intelisis_erp_7000\">Intelisis ERP 7000<\/a> puede ayudarte a integrar, automatizar y escalar tu operaci\u00f3n digital. Cont\u00e1ctanos y solicita una asesor\u00eda personalizada.<\/p>\n\n\n\n<p><a href=\"https:\/\/www.intelisis.com\/contacto.html\">\u00a1Cont\u00e1ctanos!<\/a><\/p>\n\n\n\n<p><strong>Quiz\u00e1s le puede interesar:<\/strong><\/p>\n\n\n\n<p><a href=\"https:\/\/www.intelisis.com\/blog\/beneficios-de-la-integracion-del-e-commerce-en-un-erp\/\">Beneficios de la integraci\u00f3n del e-commerce en un ERP<\/a><\/p>\n\n\n\n<p><a href=\"https:\/\/intelisis.com\/blog\/tendencias-crm\/\">Nuevas tecnolog\u00edas: descubre las tendencias CRM<\/a><\/p>\n\n\n\n<p><a href=\"https:\/\/www.intelisis.com\/blog\/gestion-empresarial-con-ia\/\">El futuro de la gesti\u00f3n empresarial con IA<\/a><\/p>\n\n\n<div class=\"kk-star-ratings kksr-auto kksr-align-center kksr-valign-bottom\"\n    data-payload='{&quot;align&quot;:&quot;center&quot;,&quot;id&quot;:&quot;2214&quot;,&quot;slug&quot;:&quot;default&quot;,&quot;valign&quot;:&quot;bottom&quot;,&quot;ignore&quot;:&quot;&quot;,&quot;reference&quot;:&quot;auto&quot;,&quot;class&quot;:&quot;&quot;,&quot;count&quot;:&quot;0&quot;,&quot;legendonly&quot;:&quot;&quot;,&quot;readonly&quot;:&quot;&quot;,&quot;score&quot;:&quot;0&quot;,&quot;starsonly&quot;:&quot;&quot;,&quot;best&quot;:&quot;5&quot;,&quot;gap&quot;:&quot;5&quot;,&quot;greet&quot;:&quot;Califica post&quot;,&quot;legend&quot;:&quot;0\\\/5 - (0 votes)&quot;,&quot;size&quot;:&quot;15&quot;,&quot;title&quot;:&quot;8 Tendencias que marcar\u00e1n el futuro del e-commerce en 2026&quot;,&quot;width&quot;:&quot;0&quot;,&quot;_legend&quot;:&quot;{score}\\\/{best} - ({count} {votes})&quot;,&quot;font_factor&quot;:&quot;1.25&quot;}'>\n            \n<div class=\"kksr-stars\">\n    \n<div class=\"kksr-stars-inactive\">\n            <div class=\"kksr-star\" data-star=\"1\" style=\"padding-right: 5px\">\n            \n\n<div class=\"kksr-icon\" style=\"width: 15px; height: 15px;\"><\/div>\n        <\/div>\n            <div class=\"kksr-star\" data-star=\"2\" style=\"padding-right: 5px\">\n            \n\n<div class=\"kksr-icon\" style=\"width: 15px; height: 15px;\"><\/div>\n        <\/div>\n            <div class=\"kksr-star\" data-star=\"3\" style=\"padding-right: 5px\">\n            \n\n<div class=\"kksr-icon\" style=\"width: 15px; height: 15px;\"><\/div>\n        <\/div>\n            <div class=\"kksr-star\" data-star=\"4\" style=\"padding-right: 5px\">\n            \n\n<div class=\"kksr-icon\" style=\"width: 15px; height: 15px;\"><\/div>\n        <\/div>\n            <div class=\"kksr-star\" data-star=\"5\" style=\"padding-right: 5px\">\n            \n\n<div class=\"kksr-icon\" style=\"width: 15px; height: 15px;\"><\/div>\n        <\/div>\n    <\/div>\n    \n<div class=\"kksr-stars-active\" style=\"width: 0px;\">\n            <div class=\"kksr-star\" style=\"padding-right: 5px\">\n            \n\n<div class=\"kksr-icon\" style=\"width: 15px; height: 15px;\"><\/div>\n        <\/div>\n            <div class=\"kksr-star\" style=\"padding-right: 5px\">\n            \n\n<div class=\"kksr-icon\" style=\"width: 15px; height: 15px;\"><\/div>\n        <\/div>\n            <div class=\"kksr-star\" style=\"padding-right: 5px\">\n            \n\n<div class=\"kksr-icon\" style=\"width: 15px; height: 15px;\"><\/div>\n        <\/div>\n            <div class=\"kksr-star\" style=\"padding-right: 5px\">\n            \n\n<div class=\"kksr-icon\" style=\"width: 15px; height: 15px;\"><\/div>\n        <\/div>\n            <div class=\"kksr-star\" style=\"padding-right: 5px\">\n            \n\n<div class=\"kksr-icon\" style=\"width: 15px; height: 15px;\"><\/div>\n        <\/div>\n    <\/div>\n<\/div>\n                \n\n<div class=\"kksr-legend\" style=\"font-size: 12px;\">\n            <span class=\"kksr-muted\">Califica post<\/span>\n    <\/div>\n    <\/div>\n","protected":false},"excerpt":{"rendered":"<p>El e-commerce se ha consolidado como un eje fundamental en la transformaci\u00f3n digital de las empresas, redefiniendo la forma en que los consumidores interact\u00faan, compran y exigen valor.&nbsp; Con ventas globales que superan los 3.5 billones de d\u00f3lares y una evoluci\u00f3n acelerada en canales, dispositivos y expectativas, entender las tendencias que est\u00e1n moldeando su futuro [&hellip;]<\/p>\n","protected":false},"author":19,"featured_media":5060,"comment_status":"open","ping_status":"closed","sticky":false,"template":"","format":"standard","meta":{"footnotes":""},"categories":[748,751],"tags":[249],"class_list":["post-2214","post","type-post","status-publish","format-standard","has-post-thumbnail","hentry","category-intelisis-erp-software","category-tecnologia-nube","tag-e-commerce"],"aioseo_notices":[],"yoast_head":"<!-- This site is optimized with the Yoast SEO Premium plugin v27.4 (Yoast SEO v27.5) - https:\/\/yoast.com\/product\/yoast-seo-premium-wordpress\/ -->\n<title>8 Tendencias que marcar\u00e1n el futuro del e-commerce en 2026<\/title>\n<meta name=\"description\" content=\"Descubre 8 Tendencias Clave que Transforman el e-commerce y C\u00f3mo Impactan la Gesti\u00f3n Digital de Empresas.\" \/>\n<meta name=\"robots\" content=\"index, follow, max-snippet:-1, max-image-preview:large, max-video-preview:-1\" \/>\n<link rel=\"canonical\" href=\"https:\/\/www.intelisis.com\/blog\/tendencias-que-marcaran-el-futuro-del-e-commerce\/\" \/>\n<meta property=\"og:locale\" content=\"es_MX\" \/>\n<meta property=\"og:type\" content=\"article\" \/>\n<meta property=\"og:title\" content=\"8 Tendencias que marcar\u00e1n el futuro del e-commerce en 2026\" \/>\n<meta property=\"og:description\" content=\"Descubre 8 Tendencias Clave que Transforman el e-commerce y C\u00f3mo Impactan la Gesti\u00f3n Digital de Empresas.\" \/>\n<meta property=\"og:url\" content=\"https:\/\/www.intelisis.com\/blog\/tendencias-que-marcaran-el-futuro-del-e-commerce\/\" \/>\n<meta property=\"og:site_name\" content=\"Intelisis Blog\" \/>\n<meta property=\"article:publisher\" content=\"https:\/\/www.facebook.com\/Intelisis\/\" \/>\n<meta property=\"article:published_time\" content=\"2025-11-11T15:00:00+00:00\" \/>\n<meta property=\"article:modified_time\" content=\"2025-11-11T16:59:41+00:00\" \/>\n<meta property=\"og:image\" content=\"https:\/\/www.intelisis.com\/blog\/wp-content\/uploads\/2025\/11\/tendencias-ecommerce.jpg\" \/>\n\t<meta property=\"og:image:width\" content=\"773\" \/>\n\t<meta property=\"og:image:height\" content=\"439\" \/>\n\t<meta property=\"og:image:type\" content=\"image\/jpeg\" \/>\n<meta name=\"author\" content=\"Intelisis\" \/>\n<meta name=\"twitter:card\" content=\"summary_large_image\" \/>\n<meta name=\"twitter:creator\" content=\"@IntelisisCorp\" \/>\n<meta name=\"twitter:site\" content=\"@IntelisisCorp\" \/>\n<meta name=\"twitter:label1\" content=\"Escrito por\" \/>\n\t<meta name=\"twitter:data1\" content=\"Intelisis\" \/>\n\t<meta name=\"twitter:label2\" content=\"Tiempo de lectura\" \/>\n\t<meta name=\"twitter:data2\" content=\"6 minutos\" \/>\n<script type=\"application\/ld+json\" class=\"yoast-schema-graph\">{\"@context\":\"https:\\\/\\\/schema.org\",\"@graph\":[{\"@type\":\"Article\",\"@id\":\"https:\\\/\\\/www.intelisis.com\\\/blog\\\/tendencias-que-marcaran-el-futuro-del-e-commerce\\\/#article\",\"isPartOf\":{\"@id\":\"https:\\\/\\\/www.intelisis.com\\\/blog\\\/tendencias-que-marcaran-el-futuro-del-e-commerce\\\/\"},\"author\":{\"name\":\"Intelisis\",\"@id\":\"https:\\\/\\\/www.intelisis.com\\\/blog\\\/#\\\/schema\\\/person\\\/00d44b0c56ac865a77583094112e890b\"},\"headline\":\"8 Tendencias que marcar\u00e1n el futuro del e-commerce en 2026\",\"datePublished\":\"2025-11-11T15:00:00+00:00\",\"dateModified\":\"2025-11-11T16:59:41+00:00\",\"mainEntityOfPage\":{\"@id\":\"https:\\\/\\\/www.intelisis.com\\\/blog\\\/tendencias-que-marcaran-el-futuro-del-e-commerce\\\/\"},\"wordCount\":1211,\"commentCount\":0,\"publisher\":{\"@id\":\"https:\\\/\\\/www.intelisis.com\\\/blog\\\/#organization\"},\"image\":{\"@id\":\"https:\\\/\\\/www.intelisis.com\\\/blog\\\/tendencias-que-marcaran-el-futuro-del-e-commerce\\\/#primaryimage\"},\"thumbnailUrl\":\"https:\\\/\\\/www.intelisis.com\\\/blog\\\/wp-content\\\/uploads\\\/2025\\\/11\\\/tendencias-ecommerce.jpg\",\"keywords\":[\"e-commerce\"],\"articleSection\":[\"Intelisis ERP\",\"Tecnolog\u00eda en la NUBE\"],\"inLanguage\":\"es\",\"potentialAction\":[{\"@type\":\"CommentAction\",\"name\":\"Comment\",\"target\":[\"https:\\\/\\\/www.intelisis.com\\\/blog\\\/tendencias-que-marcaran-el-futuro-del-e-commerce\\\/#respond\"]}]},{\"@type\":\"WebPage\",\"@id\":\"https:\\\/\\\/www.intelisis.com\\\/blog\\\/tendencias-que-marcaran-el-futuro-del-e-commerce\\\/\",\"url\":\"https:\\\/\\\/www.intelisis.com\\\/blog\\\/tendencias-que-marcaran-el-futuro-del-e-commerce\\\/\",\"name\":\"8 Tendencias que marcar\u00e1n el futuro del e-commerce en 2026\",\"isPartOf\":{\"@id\":\"https:\\\/\\\/www.intelisis.com\\\/blog\\\/#website\"},\"primaryImageOfPage\":{\"@id\":\"https:\\\/\\\/www.intelisis.com\\\/blog\\\/tendencias-que-marcaran-el-futuro-del-e-commerce\\\/#primaryimage\"},\"image\":{\"@id\":\"https:\\\/\\\/www.intelisis.com\\\/blog\\\/tendencias-que-marcaran-el-futuro-del-e-commerce\\\/#primaryimage\"},\"thumbnailUrl\":\"https:\\\/\\\/www.intelisis.com\\\/blog\\\/wp-content\\\/uploads\\\/2025\\\/11\\\/tendencias-ecommerce.jpg\",\"datePublished\":\"2025-11-11T15:00:00+00:00\",\"dateModified\":\"2025-11-11T16:59:41+00:00\",\"description\":\"Descubre 8 Tendencias Clave que Transforman el e-commerce y C\u00f3mo Impactan la Gesti\u00f3n Digital de Empresas.\",\"breadcrumb\":{\"@id\":\"https:\\\/\\\/www.intelisis.com\\\/blog\\\/tendencias-que-marcaran-el-futuro-del-e-commerce\\\/#breadcrumb\"},\"inLanguage\":\"es\",\"potentialAction\":[{\"@type\":\"ReadAction\",\"target\":[\"https:\\\/\\\/www.intelisis.com\\\/blog\\\/tendencias-que-marcaran-el-futuro-del-e-commerce\\\/\"]}]},{\"@type\":\"ImageObject\",\"inLanguage\":\"es\",\"@id\":\"https:\\\/\\\/www.intelisis.com\\\/blog\\\/tendencias-que-marcaran-el-futuro-del-e-commerce\\\/#primaryimage\",\"url\":\"https:\\\/\\\/www.intelisis.com\\\/blog\\\/wp-content\\\/uploads\\\/2025\\\/11\\\/tendencias-ecommerce.jpg\",\"contentUrl\":\"https:\\\/\\\/www.intelisis.com\\\/blog\\\/wp-content\\\/uploads\\\/2025\\\/11\\\/tendencias-ecommerce.jpg\",\"width\":773,\"height\":439,\"caption\":\"tendencias e-commerce\"},{\"@type\":\"BreadcrumbList\",\"@id\":\"https:\\\/\\\/www.intelisis.com\\\/blog\\\/tendencias-que-marcaran-el-futuro-del-e-commerce\\\/#breadcrumb\",\"itemListElement\":[{\"@type\":\"ListItem\",\"position\":1,\"name\":\"Inicio\",\"item\":\"https:\\\/\\\/www.intelisis.com\\\/blog\\\/\"},{\"@type\":\"ListItem\",\"position\":2,\"name\":\"8 Tendencias que marcar\u00e1n el futuro del e-commerce en 2026\"}]},{\"@type\":\"WebSite\",\"@id\":\"https:\\\/\\\/www.intelisis.com\\\/blog\\\/#website\",\"url\":\"https:\\\/\\\/www.intelisis.com\\\/blog\\\/\",\"name\":\"Blog Intelisis Software\",\"description\":\"Informaci&oacute;n de valor sobre ERP y tendencias tecnol&oacute;gicas\",\"publisher\":{\"@id\":\"https:\\\/\\\/www.intelisis.com\\\/blog\\\/#organization\"},\"potentialAction\":[{\"@type\":\"SearchAction\",\"target\":{\"@type\":\"EntryPoint\",\"urlTemplate\":\"https:\\\/\\\/www.intelisis.com\\\/blog\\\/?s={search_term_string}\"},\"query-input\":{\"@type\":\"PropertyValueSpecification\",\"valueRequired\":true,\"valueName\":\"search_term_string\"}}],\"inLanguage\":\"es\"},{\"@type\":\"Organization\",\"@id\":\"https:\\\/\\\/www.intelisis.com\\\/blog\\\/#organization\",\"name\":\"Intelisis Software\",\"url\":\"https:\\\/\\\/www.intelisis.com\\\/blog\\\/\",\"logo\":{\"@type\":\"ImageObject\",\"inLanguage\":\"es\",\"@id\":\"https:\\\/\\\/www.intelisis.com\\\/blog\\\/#\\\/schema\\\/logo\\\/image\\\/\",\"url\":\"https:\\\/\\\/www.intelisis.com\\\/blog\\\/wp-content\\\/uploads\\\/2023\\\/08\\\/logo_intelisis_.png\",\"contentUrl\":\"https:\\\/\\\/www.intelisis.com\\\/blog\\\/wp-content\\\/uploads\\\/2023\\\/08\\\/logo_intelisis_.png\",\"width\":1133,\"height\":326,\"caption\":\"Intelisis Software\"},\"image\":{\"@id\":\"https:\\\/\\\/www.intelisis.com\\\/blog\\\/#\\\/schema\\\/logo\\\/image\\\/\"},\"sameAs\":[\"https:\\\/\\\/www.facebook.com\\\/Intelisis\\\/\",\"https:\\\/\\\/x.com\\\/IntelisisCorp\",\"https:\\\/\\\/www.linkedin.com\\\/company\\\/intelisis-sa-de-cv\\\/\",\"https:\\\/\\\/www.youtube.com\\\/channel\\\/UCRFKIq10T-foPWN4hN2Jhrg\"]},{\"@type\":\"Person\",\"@id\":\"https:\\\/\\\/www.intelisis.com\\\/blog\\\/#\\\/schema\\\/person\\\/00d44b0c56ac865a77583094112e890b\",\"name\":\"Intelisis\",\"image\":{\"@type\":\"ImageObject\",\"inLanguage\":\"es\",\"@id\":\"https:\\\/\\\/secure.gravatar.com\\\/avatar\\\/9b992b67a8defa2dc50cc9be029a3f9d992af431fb4fa84bdec8767de82fe367?s=96&d=mm&r=g\",\"url\":\"https:\\\/\\\/secure.gravatar.com\\\/avatar\\\/9b992b67a8defa2dc50cc9be029a3f9d992af431fb4fa84bdec8767de82fe367?s=96&d=mm&r=g\",\"contentUrl\":\"https:\\\/\\\/secure.gravatar.com\\\/avatar\\\/9b992b67a8defa2dc50cc9be029a3f9d992af431fb4fa84bdec8767de82fe367?s=96&d=mm&r=g\",\"caption\":\"Intelisis\"},\"sameAs\":[\"https:\\\/\\\/www.intelisis.com\"]}]}<\/script>\n<!-- \/ Yoast SEO Premium plugin. -->","yoast_head_json":{"title":"8 Tendencias que marcar\u00e1n el futuro del e-commerce en 2026","description":"Descubre 8 Tendencias Clave que Transforman el e-commerce y C\u00f3mo Impactan la Gesti\u00f3n Digital de Empresas.","robots":{"index":"index","follow":"follow","max-snippet":"max-snippet:-1","max-image-preview":"max-image-preview:large","max-video-preview":"max-video-preview:-1"},"canonical":"https:\/\/www.intelisis.com\/blog\/tendencias-que-marcaran-el-futuro-del-e-commerce\/","og_locale":"es_MX","og_type":"article","og_title":"8 Tendencias que marcar\u00e1n el futuro del e-commerce en 2026","og_description":"Descubre 8 Tendencias Clave que Transforman el e-commerce y C\u00f3mo Impactan la Gesti\u00f3n Digital de Empresas.","og_url":"https:\/\/www.intelisis.com\/blog\/tendencias-que-marcaran-el-futuro-del-e-commerce\/","og_site_name":"Intelisis Blog","article_publisher":"https:\/\/www.facebook.com\/Intelisis\/","article_published_time":"2025-11-11T15:00:00+00:00","article_modified_time":"2025-11-11T16:59:41+00:00","og_image":[{"width":773,"height":439,"url":"https:\/\/www.intelisis.com\/blog\/wp-content\/uploads\/2025\/11\/tendencias-ecommerce.jpg","type":"image\/jpeg"}],"author":"Intelisis","twitter_card":"summary_large_image","twitter_creator":"@IntelisisCorp","twitter_site":"@IntelisisCorp","twitter_misc":{"Escrito por":"Intelisis","Tiempo de lectura":"6 minutos"},"schema":{"@context":"https:\/\/schema.org","@graph":[{"@type":"Article","@id":"https:\/\/www.intelisis.com\/blog\/tendencias-que-marcaran-el-futuro-del-e-commerce\/#article","isPartOf":{"@id":"https:\/\/www.intelisis.com\/blog\/tendencias-que-marcaran-el-futuro-del-e-commerce\/"},"author":{"name":"Intelisis","@id":"https:\/\/www.intelisis.com\/blog\/#\/schema\/person\/00d44b0c56ac865a77583094112e890b"},"headline":"8 Tendencias que marcar\u00e1n el futuro del e-commerce en 2026","datePublished":"2025-11-11T15:00:00+00:00","dateModified":"2025-11-11T16:59:41+00:00","mainEntityOfPage":{"@id":"https:\/\/www.intelisis.com\/blog\/tendencias-que-marcaran-el-futuro-del-e-commerce\/"},"wordCount":1211,"commentCount":0,"publisher":{"@id":"https:\/\/www.intelisis.com\/blog\/#organization"},"image":{"@id":"https:\/\/www.intelisis.com\/blog\/tendencias-que-marcaran-el-futuro-del-e-commerce\/#primaryimage"},"thumbnailUrl":"https:\/\/www.intelisis.com\/blog\/wp-content\/uploads\/2025\/11\/tendencias-ecommerce.jpg","keywords":["e-commerce"],"articleSection":["Intelisis ERP","Tecnolog\u00eda en la NUBE"],"inLanguage":"es","potentialAction":[{"@type":"CommentAction","name":"Comment","target":["https:\/\/www.intelisis.com\/blog\/tendencias-que-marcaran-el-futuro-del-e-commerce\/#respond"]}]},{"@type":"WebPage","@id":"https:\/\/www.intelisis.com\/blog\/tendencias-que-marcaran-el-futuro-del-e-commerce\/","url":"https:\/\/www.intelisis.com\/blog\/tendencias-que-marcaran-el-futuro-del-e-commerce\/","name":"8 Tendencias que marcar\u00e1n el futuro del e-commerce en 2026","isPartOf":{"@id":"https:\/\/www.intelisis.com\/blog\/#website"},"primaryImageOfPage":{"@id":"https:\/\/www.intelisis.com\/blog\/tendencias-que-marcaran-el-futuro-del-e-commerce\/#primaryimage"},"image":{"@id":"https:\/\/www.intelisis.com\/blog\/tendencias-que-marcaran-el-futuro-del-e-commerce\/#primaryimage"},"thumbnailUrl":"https:\/\/www.intelisis.com\/blog\/wp-content\/uploads\/2025\/11\/tendencias-ecommerce.jpg","datePublished":"2025-11-11T15:00:00+00:00","dateModified":"2025-11-11T16:59:41+00:00","description":"Descubre 8 Tendencias Clave que Transforman el e-commerce y C\u00f3mo Impactan la Gesti\u00f3n Digital de Empresas.","breadcrumb":{"@id":"https:\/\/www.intelisis.com\/blog\/tendencias-que-marcaran-el-futuro-del-e-commerce\/#breadcrumb"},"inLanguage":"es","potentialAction":[{"@type":"ReadAction","target":["https:\/\/www.intelisis.com\/blog\/tendencias-que-marcaran-el-futuro-del-e-commerce\/"]}]},{"@type":"ImageObject","inLanguage":"es","@id":"https:\/\/www.intelisis.com\/blog\/tendencias-que-marcaran-el-futuro-del-e-commerce\/#primaryimage","url":"https:\/\/www.intelisis.com\/blog\/wp-content\/uploads\/2025\/11\/tendencias-ecommerce.jpg","contentUrl":"https:\/\/www.intelisis.com\/blog\/wp-content\/uploads\/2025\/11\/tendencias-ecommerce.jpg","width":773,"height":439,"caption":"tendencias e-commerce"},{"@type":"BreadcrumbList","@id":"https:\/\/www.intelisis.com\/blog\/tendencias-que-marcaran-el-futuro-del-e-commerce\/#breadcrumb","itemListElement":[{"@type":"ListItem","position":1,"name":"Inicio","item":"https:\/\/www.intelisis.com\/blog\/"},{"@type":"ListItem","position":2,"name":"8 Tendencias que marcar\u00e1n el futuro del e-commerce en 2026"}]},{"@type":"WebSite","@id":"https:\/\/www.intelisis.com\/blog\/#website","url":"https:\/\/www.intelisis.com\/blog\/","name":"Blog Intelisis Software","description":"Informaci&oacute;n de valor sobre ERP y tendencias tecnol&oacute;gicas","publisher":{"@id":"https:\/\/www.intelisis.com\/blog\/#organization"},"potentialAction":[{"@type":"SearchAction","target":{"@type":"EntryPoint","urlTemplate":"https:\/\/www.intelisis.com\/blog\/?s={search_term_string}"},"query-input":{"@type":"PropertyValueSpecification","valueRequired":true,"valueName":"search_term_string"}}],"inLanguage":"es"},{"@type":"Organization","@id":"https:\/\/www.intelisis.com\/blog\/#organization","name":"Intelisis Software","url":"https:\/\/www.intelisis.com\/blog\/","logo":{"@type":"ImageObject","inLanguage":"es","@id":"https:\/\/www.intelisis.com\/blog\/#\/schema\/logo\/image\/","url":"https:\/\/www.intelisis.com\/blog\/wp-content\/uploads\/2023\/08\/logo_intelisis_.png","contentUrl":"https:\/\/www.intelisis.com\/blog\/wp-content\/uploads\/2023\/08\/logo_intelisis_.png","width":1133,"height":326,"caption":"Intelisis Software"},"image":{"@id":"https:\/\/www.intelisis.com\/blog\/#\/schema\/logo\/image\/"},"sameAs":["https:\/\/www.facebook.com\/Intelisis\/","https:\/\/x.com\/IntelisisCorp","https:\/\/www.linkedin.com\/company\/intelisis-sa-de-cv\/","https:\/\/www.youtube.com\/channel\/UCRFKIq10T-foPWN4hN2Jhrg"]},{"@type":"Person","@id":"https:\/\/www.intelisis.com\/blog\/#\/schema\/person\/00d44b0c56ac865a77583094112e890b","name":"Intelisis","image":{"@type":"ImageObject","inLanguage":"es","@id":"https:\/\/secure.gravatar.com\/avatar\/9b992b67a8defa2dc50cc9be029a3f9d992af431fb4fa84bdec8767de82fe367?s=96&d=mm&r=g","url":"https:\/\/secure.gravatar.com\/avatar\/9b992b67a8defa2dc50cc9be029a3f9d992af431fb4fa84bdec8767de82fe367?s=96&d=mm&r=g","contentUrl":"https:\/\/secure.gravatar.com\/avatar\/9b992b67a8defa2dc50cc9be029a3f9d992af431fb4fa84bdec8767de82fe367?s=96&d=mm&r=g","caption":"Intelisis"},"sameAs":["https:\/\/www.intelisis.com"]}]}},"amp_enabled":true,"post_mailing_queue_ids":[],"_links":{"self":[{"href":"https:\/\/www.intelisis.com\/blog\/wp-json\/wp\/v2\/posts\/2214","targetHints":{"allow":["GET"]}}],"collection":[{"href":"https:\/\/www.intelisis.com\/blog\/wp-json\/wp\/v2\/posts"}],"about":[{"href":"https:\/\/www.intelisis.com\/blog\/wp-json\/wp\/v2\/types\/post"}],"author":[{"embeddable":true,"href":"https:\/\/www.intelisis.com\/blog\/wp-json\/wp\/v2\/users\/19"}],"replies":[{"embeddable":true,"href":"https:\/\/www.intelisis.com\/blog\/wp-json\/wp\/v2\/comments?post=2214"}],"version-history":[{"count":4,"href":"https:\/\/www.intelisis.com\/blog\/wp-json\/wp\/v2\/posts\/2214\/revisions"}],"predecessor-version":[{"id":5067,"href":"https:\/\/www.intelisis.com\/blog\/wp-json\/wp\/v2\/posts\/2214\/revisions\/5067"}],"wp:featuredmedia":[{"embeddable":true,"href":"https:\/\/www.intelisis.com\/blog\/wp-json\/wp\/v2\/media\/5060"}],"wp:attachment":[{"href":"https:\/\/www.intelisis.com\/blog\/wp-json\/wp\/v2\/media?parent=2214"}],"wp:term":[{"taxonomy":"category","embeddable":true,"href":"https:\/\/www.intelisis.com\/blog\/wp-json\/wp\/v2\/categories?post=2214"},{"taxonomy":"post_tag","embeddable":true,"href":"https:\/\/www.intelisis.com\/blog\/wp-json\/wp\/v2\/tags?post=2214"}],"curies":[{"name":"wp","href":"https:\/\/api.w.org\/{rel}","templated":true}]}}