{"id":3017,"date":"2022-09-23T07:40:32","date_gmt":"2022-09-23T12:40:32","guid":{"rendered":"https:\/\/www.intelisis.com\/blog\/blog\/?p=3017"},"modified":"2023-01-25T10:06:28","modified_gmt":"2023-01-25T16:06:28","slug":"3-mitos-de-la-nube-que-intelisis-cloud-deja-atras","status":"publish","type":"post","link":"https:\/\/www.intelisis.com\/blog\/3-mitos-de-la-nube-que-intelisis-cloud-deja-atras\/","title":{"rendered":"3 mitos de la nube que Intelisis Cloud deja atr\u00e1s"},"content":{"rendered":"\n<p style=\"font-size:15px\">Dentro de la transformaci\u00f3n digital, una de las tendencias m\u00e1s grandes es la migraci\u00f3n a servicios en la nube. Es decir, migrar a servidores virtuales para brindar disponibilidad para un fin en espec\u00edfico. Al hablar de software en la nube, muchas personas ponen en duda si resulta tan confiable como las opciones locales, entre otros mitos. Aqu\u00ed te compartimos 3 de ellos que Intelisis Cloud deja atr\u00e1s.<\/p>\n\n\n\n<ol class=\"wp-block-list\" type=\"1\" style=\"font-size:15px\"><li><strong>La nube no es segura: <\/strong>Intelisis Cloud implementa distintos sistemas de respaldo y encriptaci\u00f3n de datos para que tus datos est\u00e9n seguros; de esta manera, podr\u00e1s asegurarte de que nadie puede acceder a ellos. Ofrece&nbsp; niveles de protecci\u00f3n que incluso podr\u00edan ser superiores a los que ocupas localmente en tu empresa, lo que te permite disfrutar de los dem\u00e1s beneficios que te brinda esta soluci\u00f3n sin preocuparte por tu informaci\u00f3n.<\/li><li><strong>La nube es dif\u00edcil de implementar: <\/strong>aunque podr\u00eda parecer que los servicios en la nube no son sencillos y que requieren de un departamento de TI dedicado al mantenimiento y revisi\u00f3n de servidores, Intelisis Cloud se hace cargo de toda la implementaci\u00f3n t\u00e9cnica y tecnol\u00f3gica, de manera que tu empresa podr\u00e1 tener su informaci\u00f3n accesible desde cualquier dispositivo con Internet, en cualquier lugar del mundo y desde una gran variedad de dispositivos.<\/li><li><strong>La nube no aplica para mi industria o empresa: <\/strong>si crees que por el tama\u00f1o de tu empresa o por no ofrecer productos o servicios que se relacionen con la tecnolog\u00eda, la nube no es capaz de ofrecerte un valor agregado, es momento de replantear esta idea. Ciertas soluciones en la nube que puedes encontrar hoy en d\u00eda como Intelisis Cloud son una excelente opci\u00f3n en especial para PyMES, pues te permiten ahorrar en infraestructura y mantenimiento a trav\u00e9s de una soluci\u00f3n completamente escalable.<\/li><\/ol>\n\n\n\n<p style=\"font-size:15px\">No dejes que la nube te intimide. Mejora tu retorno de inversi\u00f3n con una soluci\u00f3n ideal para empresas en crecimiento sin necesidad de invertir en infraestructura. Ponte en contacto con nuestra \u00e1rea de ventas y conoce m\u00e1s de lo que Intelisis Cloud puede hacer por ti.<\/p>\n\n\n<div class=\"kk-star-ratings kksr-auto kksr-align-center kksr-valign-bottom\"\n    data-payload='{&quot;align&quot;:&quot;center&quot;,&quot;id&quot;:&quot;3017&quot;,&quot;slug&quot;:&quot;default&quot;,&quot;valign&quot;:&quot;bottom&quot;,&quot;ignore&quot;:&quot;&quot;,&quot;reference&quot;:&quot;auto&quot;,&quot;class&quot;:&quot;&quot;,&quot;count&quot;:&quot;0&quot;,&quot;legendonly&quot;:&quot;&quot;,&quot;readonly&quot;:&quot;&quot;,&quot;score&quot;:&quot;0&quot;,&quot;starsonly&quot;:&quot;&quot;,&quot;best&quot;:&quot;5&quot;,&quot;gap&quot;:&quot;5&quot;,&quot;greet&quot;:&quot;Califica post&quot;,&quot;legend&quot;:&quot;0\\\/5 - (0 votes)&quot;,&quot;size&quot;:&quot;15&quot;,&quot;title&quot;:&quot;3 mitos de la nube que Intelisis Cloud deja atr\u00e1s&quot;,&quot;width&quot;:&quot;0&quot;,&quot;_legend&quot;:&quot;{score}\\\/{best} - ({count} {votes})&quot;,&quot;font_factor&quot;:&quot;1.25&quot;}'>\n            \n<div class=\"kksr-stars\">\n    \n<div class=\"kksr-stars-inactive\">\n            <div class=\"kksr-star\" data-star=\"1\" style=\"padding-right: 5px\">\n            \n\n<div class=\"kksr-icon\" style=\"width: 15px; height: 15px;\"><\/div>\n        <\/div>\n            <div class=\"kksr-star\" data-star=\"2\" style=\"padding-right: 5px\">\n            \n\n<div class=\"kksr-icon\" style=\"width: 15px; height: 15px;\"><\/div>\n        <\/div>\n            <div class=\"kksr-star\" data-star=\"3\" style=\"padding-right: 5px\">\n            \n\n<div class=\"kksr-icon\" style=\"width: 15px; height: 15px;\"><\/div>\n        <\/div>\n            <div class=\"kksr-star\" data-star=\"4\" style=\"padding-right: 5px\">\n            \n\n<div class=\"kksr-icon\" style=\"width: 15px; height: 15px;\"><\/div>\n        <\/div>\n            <div class=\"kksr-star\" data-star=\"5\" style=\"padding-right: 5px\">\n            \n\n<div class=\"kksr-icon\" style=\"width: 15px; height: 15px;\"><\/div>\n        <\/div>\n    <\/div>\n    \n<div class=\"kksr-stars-active\" style=\"width: 0px;\">\n            <div class=\"kksr-star\" style=\"padding-right: 5px\">\n            \n\n<div class=\"kksr-icon\" style=\"width: 15px; height: 15px;\"><\/div>\n        <\/div>\n            <div class=\"kksr-star\" style=\"padding-right: 5px\">\n            \n\n<div class=\"kksr-icon\" style=\"width: 15px; height: 15px;\"><\/div>\n        <\/div>\n            <div class=\"kksr-star\" style=\"padding-right: 5px\">\n            \n\n<div class=\"kksr-icon\" style=\"width: 15px; height: 15px;\"><\/div>\n        <\/div>\n            <div class=\"kksr-star\" style=\"padding-right: 5px\">\n            \n\n<div class=\"kksr-icon\" style=\"width: 15px; height: 15px;\"><\/div>\n        <\/div>\n            <div class=\"kksr-star\" style=\"padding-right: 5px\">\n            \n\n<div class=\"kksr-icon\" style=\"width: 15px; height: 15px;\"><\/div>\n        <\/div>\n    <\/div>\n<\/div>\n                \n\n<div class=\"kksr-legend\" style=\"font-size: 12px;\">\n            <span class=\"kksr-muted\">Califica post<\/span>\n    <\/div>\n    <\/div>\n","protected":false},"excerpt":{"rendered":"<p>Dentro de la transformaci\u00f3n digital, una de las tendencias m\u00e1s grandes es la migraci\u00f3n a servicios en la nube. Es decir, migrar a servidores virtuales para brindar disponibilidad para un fin en espec\u00edfico. Al hablar de software en la nube, muchas personas ponen en duda si resulta tan confiable como las opciones locales, entre otros [&hellip;]<\/p>\n","protected":false},"author":19,"featured_media":3018,"comment_status":"open","ping_status":"closed","sticky":false,"template":"","format":"standard","meta":{"footnotes":""},"categories":[751],"tags":[760,49,75,14,761,45,759,41],"class_list":["post-3017","post","type-post","status-publish","format-standard","has-post-thumbnail","hentry","category-tecnologia-nube","tag-almacenamiento-de-archivos","tag-big-data","tag-innovacion-empresas","tag-intelisis","tag-servicios-en-la-nube","tag-software-de-gestion-empresarial","tag-software-remoto","tag-transformacion-digital"],"aioseo_notices":[],"yoast_head":"<!-- This site is optimized with the Yoast SEO Premium plugin v27.5 (Yoast SEO v27.5) - https:\/\/yoast.com\/product\/yoast-seo-premium-wordpress\/ -->\n<title>3 mitos de la nube que Intelisis Cloud deja atr\u00e1s - Intelisis Blog<\/title>\n<meta name=\"robots\" content=\"index, follow, max-snippet:-1, max-image-preview:large, max-video-preview:-1\" \/>\n<link rel=\"canonical\" href=\"https:\/\/www.intelisis.com\/blog\/3-mitos-de-la-nube-que-intelisis-cloud-deja-atras\/\" \/>\n<meta property=\"og:locale\" content=\"es_MX\" \/>\n<meta property=\"og:type\" content=\"article\" \/>\n<meta property=\"og:title\" content=\"3 mitos de la nube que Intelisis Cloud deja atr\u00e1s\" \/>\n<meta property=\"og:description\" content=\"Dentro de la transformaci\u00f3n digital, una de las tendencias m\u00e1s grandes es la migraci\u00f3n a servicios en la nube. Es decir, migrar a servidores virtuales para brindar disponibilidad para un fin en espec\u00edfico. Al hablar de software en la nube, muchas personas ponen en duda si resulta tan confiable como las opciones locales, entre otros [&hellip;]\" \/>\n<meta property=\"og:url\" content=\"https:\/\/www.intelisis.com\/blog\/3-mitos-de-la-nube-que-intelisis-cloud-deja-atras\/\" \/>\n<meta property=\"og:site_name\" content=\"Intelisis Blog\" \/>\n<meta property=\"article:publisher\" content=\"https:\/\/www.facebook.com\/Intelisis\/\" \/>\n<meta property=\"article:published_time\" content=\"2022-09-23T12:40:32+00:00\" \/>\n<meta property=\"article:modified_time\" content=\"2023-01-25T16:06:28+00:00\" \/>\n<meta property=\"og:image\" content=\"https:\/\/www.intelisis.com\/blog\/wp-content\/uploads\/2022\/09\/intelisis-cloud.jpg\" \/>\n\t<meta property=\"og:image:width\" content=\"1901\" \/>\n\t<meta property=\"og:image:height\" content=\"1268\" \/>\n\t<meta property=\"og:image:type\" content=\"image\/jpeg\" \/>\n<meta name=\"author\" content=\"Intelisis\" \/>\n<meta name=\"twitter:card\" content=\"summary_large_image\" \/>\n<meta name=\"twitter:creator\" content=\"@IntelisisCorp\" \/>\n<meta name=\"twitter:site\" content=\"@IntelisisCorp\" \/>\n<meta name=\"twitter:label1\" content=\"Escrito por\" \/>\n\t<meta name=\"twitter:data1\" content=\"Intelisis\" \/>\n\t<meta name=\"twitter:label2\" content=\"Tiempo de lectura\" \/>\n\t<meta name=\"twitter:data2\" content=\"2 minutos\" \/>\n<script type=\"application\/ld+json\" class=\"yoast-schema-graph\">{\"@context\":\"https:\\\/\\\/schema.org\",\"@graph\":[{\"@type\":\"Article\",\"@id\":\"https:\\\/\\\/www.intelisis.com\\\/blog\\\/3-mitos-de-la-nube-que-intelisis-cloud-deja-atras\\\/#article\",\"isPartOf\":{\"@id\":\"https:\\\/\\\/www.intelisis.com\\\/blog\\\/3-mitos-de-la-nube-que-intelisis-cloud-deja-atras\\\/\"},\"author\":{\"name\":\"Intelisis\",\"@id\":\"https:\\\/\\\/www.intelisis.com\\\/blog\\\/#\\\/schema\\\/person\\\/00d44b0c56ac865a77583094112e890b\"},\"headline\":\"3 mitos de la nube que Intelisis Cloud deja atr\u00e1s\",\"datePublished\":\"2022-09-23T12:40:32+00:00\",\"dateModified\":\"2023-01-25T16:06:28+00:00\",\"mainEntityOfPage\":{\"@id\":\"https:\\\/\\\/www.intelisis.com\\\/blog\\\/3-mitos-de-la-nube-que-intelisis-cloud-deja-atras\\\/\"},\"wordCount\":378,\"commentCount\":0,\"publisher\":{\"@id\":\"https:\\\/\\\/www.intelisis.com\\\/blog\\\/#organization\"},\"image\":{\"@id\":\"https:\\\/\\\/www.intelisis.com\\\/blog\\\/3-mitos-de-la-nube-que-intelisis-cloud-deja-atras\\\/#primaryimage\"},\"thumbnailUrl\":\"https:\\\/\\\/www.intelisis.com\\\/blog\\\/wp-content\\\/uploads\\\/2022\\\/09\\\/intelisis-cloud.jpg\",\"keywords\":[\"Almacenamiento de archivos\",\"Big Data\",\"innovacion empresas\",\"Intelisis\",\"Servicios en la NUBE\",\"software de gesti\u00f3n empresarial\",\"Software remoto\",\"Transformaci\u00f3n Digital\"],\"articleSection\":[\"Tecnolog\u00eda en la NUBE\"],\"inLanguage\":\"es\",\"potentialAction\":[{\"@type\":\"CommentAction\",\"name\":\"Comment\",\"target\":[\"https:\\\/\\\/www.intelisis.com\\\/blog\\\/3-mitos-de-la-nube-que-intelisis-cloud-deja-atras\\\/#respond\"]}]},{\"@type\":\"WebPage\",\"@id\":\"https:\\\/\\\/www.intelisis.com\\\/blog\\\/3-mitos-de-la-nube-que-intelisis-cloud-deja-atras\\\/\",\"url\":\"https:\\\/\\\/www.intelisis.com\\\/blog\\\/3-mitos-de-la-nube-que-intelisis-cloud-deja-atras\\\/\",\"name\":\"3 mitos de la nube que Intelisis Cloud deja atr\u00e1s - Intelisis Blog\",\"isPartOf\":{\"@id\":\"https:\\\/\\\/www.intelisis.com\\\/blog\\\/#website\"},\"primaryImageOfPage\":{\"@id\":\"https:\\\/\\\/www.intelisis.com\\\/blog\\\/3-mitos-de-la-nube-que-intelisis-cloud-deja-atras\\\/#primaryimage\"},\"image\":{\"@id\":\"https:\\\/\\\/www.intelisis.com\\\/blog\\\/3-mitos-de-la-nube-que-intelisis-cloud-deja-atras\\\/#primaryimage\"},\"thumbnailUrl\":\"https:\\\/\\\/www.intelisis.com\\\/blog\\\/wp-content\\\/uploads\\\/2022\\\/09\\\/intelisis-cloud.jpg\",\"datePublished\":\"2022-09-23T12:40:32+00:00\",\"dateModified\":\"2023-01-25T16:06:28+00:00\",\"breadcrumb\":{\"@id\":\"https:\\\/\\\/www.intelisis.com\\\/blog\\\/3-mitos-de-la-nube-que-intelisis-cloud-deja-atras\\\/#breadcrumb\"},\"inLanguage\":\"es\",\"potentialAction\":[{\"@type\":\"ReadAction\",\"target\":[\"https:\\\/\\\/www.intelisis.com\\\/blog\\\/3-mitos-de-la-nube-que-intelisis-cloud-deja-atras\\\/\"]}]},{\"@type\":\"ImageObject\",\"inLanguage\":\"es\",\"@id\":\"https:\\\/\\\/www.intelisis.com\\\/blog\\\/3-mitos-de-la-nube-que-intelisis-cloud-deja-atras\\\/#primaryimage\",\"url\":\"https:\\\/\\\/www.intelisis.com\\\/blog\\\/wp-content\\\/uploads\\\/2022\\\/09\\\/intelisis-cloud.jpg\",\"contentUrl\":\"https:\\\/\\\/www.intelisis.com\\\/blog\\\/wp-content\\\/uploads\\\/2022\\\/09\\\/intelisis-cloud.jpg\",\"width\":1901,\"height\":1268,\"caption\":\"Intelisis Cloud\"},{\"@type\":\"BreadcrumbList\",\"@id\":\"https:\\\/\\\/www.intelisis.com\\\/blog\\\/3-mitos-de-la-nube-que-intelisis-cloud-deja-atras\\\/#breadcrumb\",\"itemListElement\":[{\"@type\":\"ListItem\",\"position\":1,\"name\":\"Inicio\",\"item\":\"https:\\\/\\\/www.intelisis.com\\\/blog\\\/\"},{\"@type\":\"ListItem\",\"position\":2,\"name\":\"3 mitos de la nube que Intelisis Cloud deja atr\u00e1s\"}]},{\"@type\":\"WebSite\",\"@id\":\"https:\\\/\\\/www.intelisis.com\\\/blog\\\/#website\",\"url\":\"https:\\\/\\\/www.intelisis.com\\\/blog\\\/\",\"name\":\"Blog Intelisis Software\",\"description\":\"Informaci&oacute;n de valor sobre ERP y tendencias tecnol&oacute;gicas\",\"publisher\":{\"@id\":\"https:\\\/\\\/www.intelisis.com\\\/blog\\\/#organization\"},\"potentialAction\":[{\"@type\":\"SearchAction\",\"target\":{\"@type\":\"EntryPoint\",\"urlTemplate\":\"https:\\\/\\\/www.intelisis.com\\\/blog\\\/?s={search_term_string}\"},\"query-input\":{\"@type\":\"PropertyValueSpecification\",\"valueRequired\":true,\"valueName\":\"search_term_string\"}}],\"inLanguage\":\"es\"},{\"@type\":\"Organization\",\"@id\":\"https:\\\/\\\/www.intelisis.com\\\/blog\\\/#organization\",\"name\":\"Intelisis Software\",\"url\":\"https:\\\/\\\/www.intelisis.com\\\/blog\\\/\",\"logo\":{\"@type\":\"ImageObject\",\"inLanguage\":\"es\",\"@id\":\"https:\\\/\\\/www.intelisis.com\\\/blog\\\/#\\\/schema\\\/logo\\\/image\\\/\",\"url\":\"https:\\\/\\\/www.intelisis.com\\\/blog\\\/wp-content\\\/uploads\\\/2023\\\/08\\\/logo_intelisis_.png\",\"contentUrl\":\"https:\\\/\\\/www.intelisis.com\\\/blog\\\/wp-content\\\/uploads\\\/2023\\\/08\\\/logo_intelisis_.png\",\"width\":1133,\"height\":326,\"caption\":\"Intelisis Software\"},\"image\":{\"@id\":\"https:\\\/\\\/www.intelisis.com\\\/blog\\\/#\\\/schema\\\/logo\\\/image\\\/\"},\"sameAs\":[\"https:\\\/\\\/www.facebook.com\\\/Intelisis\\\/\",\"https:\\\/\\\/x.com\\\/IntelisisCorp\",\"https:\\\/\\\/www.linkedin.com\\\/company\\\/intelisis-sa-de-cv\\\/\",\"https:\\\/\\\/www.youtube.com\\\/channel\\\/UCRFKIq10T-foPWN4hN2Jhrg\"]},{\"@type\":\"Person\",\"@id\":\"https:\\\/\\\/www.intelisis.com\\\/blog\\\/#\\\/schema\\\/person\\\/00d44b0c56ac865a77583094112e890b\",\"name\":\"Intelisis\",\"image\":{\"@type\":\"ImageObject\",\"inLanguage\":\"es\",\"@id\":\"https:\\\/\\\/secure.gravatar.com\\\/avatar\\\/9b992b67a8defa2dc50cc9be029a3f9d992af431fb4fa84bdec8767de82fe367?s=96&d=mm&r=g\",\"url\":\"https:\\\/\\\/secure.gravatar.com\\\/avatar\\\/9b992b67a8defa2dc50cc9be029a3f9d992af431fb4fa84bdec8767de82fe367?s=96&d=mm&r=g\",\"contentUrl\":\"https:\\\/\\\/secure.gravatar.com\\\/avatar\\\/9b992b67a8defa2dc50cc9be029a3f9d992af431fb4fa84bdec8767de82fe367?s=96&d=mm&r=g\",\"caption\":\"Intelisis\"},\"sameAs\":[\"https:\\\/\\\/www.intelisis.com\"]}]}<\/script>\n<!-- \/ Yoast SEO Premium plugin. -->","yoast_head_json":{"title":"3 mitos de la nube que Intelisis Cloud deja atr\u00e1s - Intelisis Blog","robots":{"index":"index","follow":"follow","max-snippet":"max-snippet:-1","max-image-preview":"max-image-preview:large","max-video-preview":"max-video-preview:-1"},"canonical":"https:\/\/www.intelisis.com\/blog\/3-mitos-de-la-nube-que-intelisis-cloud-deja-atras\/","og_locale":"es_MX","og_type":"article","og_title":"3 mitos de la nube que Intelisis Cloud deja atr\u00e1s","og_description":"Dentro de la transformaci\u00f3n digital, una de las tendencias m\u00e1s grandes es la migraci\u00f3n a servicios en la nube. Es decir, migrar a servidores virtuales para brindar disponibilidad para un fin en espec\u00edfico. Al hablar de software en la nube, muchas personas ponen en duda si resulta tan confiable como las opciones locales, entre otros [&hellip;]","og_url":"https:\/\/www.intelisis.com\/blog\/3-mitos-de-la-nube-que-intelisis-cloud-deja-atras\/","og_site_name":"Intelisis Blog","article_publisher":"https:\/\/www.facebook.com\/Intelisis\/","article_published_time":"2022-09-23T12:40:32+00:00","article_modified_time":"2023-01-25T16:06:28+00:00","og_image":[{"width":1901,"height":1268,"url":"https:\/\/www.intelisis.com\/blog\/wp-content\/uploads\/2022\/09\/intelisis-cloud.jpg","type":"image\/jpeg"}],"author":"Intelisis","twitter_card":"summary_large_image","twitter_creator":"@IntelisisCorp","twitter_site":"@IntelisisCorp","twitter_misc":{"Escrito por":"Intelisis","Tiempo de lectura":"2 minutos"},"schema":{"@context":"https:\/\/schema.org","@graph":[{"@type":"Article","@id":"https:\/\/www.intelisis.com\/blog\/3-mitos-de-la-nube-que-intelisis-cloud-deja-atras\/#article","isPartOf":{"@id":"https:\/\/www.intelisis.com\/blog\/3-mitos-de-la-nube-que-intelisis-cloud-deja-atras\/"},"author":{"name":"Intelisis","@id":"https:\/\/www.intelisis.com\/blog\/#\/schema\/person\/00d44b0c56ac865a77583094112e890b"},"headline":"3 mitos de la nube que Intelisis Cloud deja atr\u00e1s","datePublished":"2022-09-23T12:40:32+00:00","dateModified":"2023-01-25T16:06:28+00:00","mainEntityOfPage":{"@id":"https:\/\/www.intelisis.com\/blog\/3-mitos-de-la-nube-que-intelisis-cloud-deja-atras\/"},"wordCount":378,"commentCount":0,"publisher":{"@id":"https:\/\/www.intelisis.com\/blog\/#organization"},"image":{"@id":"https:\/\/www.intelisis.com\/blog\/3-mitos-de-la-nube-que-intelisis-cloud-deja-atras\/#primaryimage"},"thumbnailUrl":"https:\/\/www.intelisis.com\/blog\/wp-content\/uploads\/2022\/09\/intelisis-cloud.jpg","keywords":["Almacenamiento de archivos","Big Data","innovacion empresas","Intelisis","Servicios en la NUBE","software de gesti\u00f3n empresarial","Software remoto","Transformaci\u00f3n Digital"],"articleSection":["Tecnolog\u00eda en la NUBE"],"inLanguage":"es","potentialAction":[{"@type":"CommentAction","name":"Comment","target":["https:\/\/www.intelisis.com\/blog\/3-mitos-de-la-nube-que-intelisis-cloud-deja-atras\/#respond"]}]},{"@type":"WebPage","@id":"https:\/\/www.intelisis.com\/blog\/3-mitos-de-la-nube-que-intelisis-cloud-deja-atras\/","url":"https:\/\/www.intelisis.com\/blog\/3-mitos-de-la-nube-que-intelisis-cloud-deja-atras\/","name":"3 mitos de la nube que Intelisis Cloud deja atr\u00e1s - Intelisis Blog","isPartOf":{"@id":"https:\/\/www.intelisis.com\/blog\/#website"},"primaryImageOfPage":{"@id":"https:\/\/www.intelisis.com\/blog\/3-mitos-de-la-nube-que-intelisis-cloud-deja-atras\/#primaryimage"},"image":{"@id":"https:\/\/www.intelisis.com\/blog\/3-mitos-de-la-nube-que-intelisis-cloud-deja-atras\/#primaryimage"},"thumbnailUrl":"https:\/\/www.intelisis.com\/blog\/wp-content\/uploads\/2022\/09\/intelisis-cloud.jpg","datePublished":"2022-09-23T12:40:32+00:00","dateModified":"2023-01-25T16:06:28+00:00","breadcrumb":{"@id":"https:\/\/www.intelisis.com\/blog\/3-mitos-de-la-nube-que-intelisis-cloud-deja-atras\/#breadcrumb"},"inLanguage":"es","potentialAction":[{"@type":"ReadAction","target":["https:\/\/www.intelisis.com\/blog\/3-mitos-de-la-nube-que-intelisis-cloud-deja-atras\/"]}]},{"@type":"ImageObject","inLanguage":"es","@id":"https:\/\/www.intelisis.com\/blog\/3-mitos-de-la-nube-que-intelisis-cloud-deja-atras\/#primaryimage","url":"https:\/\/www.intelisis.com\/blog\/wp-content\/uploads\/2022\/09\/intelisis-cloud.jpg","contentUrl":"https:\/\/www.intelisis.com\/blog\/wp-content\/uploads\/2022\/09\/intelisis-cloud.jpg","width":1901,"height":1268,"caption":"Intelisis Cloud"},{"@type":"BreadcrumbList","@id":"https:\/\/www.intelisis.com\/blog\/3-mitos-de-la-nube-que-intelisis-cloud-deja-atras\/#breadcrumb","itemListElement":[{"@type":"ListItem","position":1,"name":"Inicio","item":"https:\/\/www.intelisis.com\/blog\/"},{"@type":"ListItem","position":2,"name":"3 mitos de la nube que Intelisis Cloud deja atr\u00e1s"}]},{"@type":"WebSite","@id":"https:\/\/www.intelisis.com\/blog\/#website","url":"https:\/\/www.intelisis.com\/blog\/","name":"Blog Intelisis Software","description":"Informaci&oacute;n de valor sobre ERP y tendencias tecnol&oacute;gicas","publisher":{"@id":"https:\/\/www.intelisis.com\/blog\/#organization"},"potentialAction":[{"@type":"SearchAction","target":{"@type":"EntryPoint","urlTemplate":"https:\/\/www.intelisis.com\/blog\/?s={search_term_string}"},"query-input":{"@type":"PropertyValueSpecification","valueRequired":true,"valueName":"search_term_string"}}],"inLanguage":"es"},{"@type":"Organization","@id":"https:\/\/www.intelisis.com\/blog\/#organization","name":"Intelisis Software","url":"https:\/\/www.intelisis.com\/blog\/","logo":{"@type":"ImageObject","inLanguage":"es","@id":"https:\/\/www.intelisis.com\/blog\/#\/schema\/logo\/image\/","url":"https:\/\/www.intelisis.com\/blog\/wp-content\/uploads\/2023\/08\/logo_intelisis_.png","contentUrl":"https:\/\/www.intelisis.com\/blog\/wp-content\/uploads\/2023\/08\/logo_intelisis_.png","width":1133,"height":326,"caption":"Intelisis Software"},"image":{"@id":"https:\/\/www.intelisis.com\/blog\/#\/schema\/logo\/image\/"},"sameAs":["https:\/\/www.facebook.com\/Intelisis\/","https:\/\/x.com\/IntelisisCorp","https:\/\/www.linkedin.com\/company\/intelisis-sa-de-cv\/","https:\/\/www.youtube.com\/channel\/UCRFKIq10T-foPWN4hN2Jhrg"]},{"@type":"Person","@id":"https:\/\/www.intelisis.com\/blog\/#\/schema\/person\/00d44b0c56ac865a77583094112e890b","name":"Intelisis","image":{"@type":"ImageObject","inLanguage":"es","@id":"https:\/\/secure.gravatar.com\/avatar\/9b992b67a8defa2dc50cc9be029a3f9d992af431fb4fa84bdec8767de82fe367?s=96&d=mm&r=g","url":"https:\/\/secure.gravatar.com\/avatar\/9b992b67a8defa2dc50cc9be029a3f9d992af431fb4fa84bdec8767de82fe367?s=96&d=mm&r=g","contentUrl":"https:\/\/secure.gravatar.com\/avatar\/9b992b67a8defa2dc50cc9be029a3f9d992af431fb4fa84bdec8767de82fe367?s=96&d=mm&r=g","caption":"Intelisis"},"sameAs":["https:\/\/www.intelisis.com"]}]}},"amp_enabled":true,"post_mailing_queue_ids":[],"_links":{"self":[{"href":"https:\/\/www.intelisis.com\/blog\/wp-json\/wp\/v2\/posts\/3017","targetHints":{"allow":["GET"]}}],"collection":[{"href":"https:\/\/www.intelisis.com\/blog\/wp-json\/wp\/v2\/posts"}],"about":[{"href":"https:\/\/www.intelisis.com\/blog\/wp-json\/wp\/v2\/types\/post"}],"author":[{"embeddable":true,"href":"https:\/\/www.intelisis.com\/blog\/wp-json\/wp\/v2\/users\/19"}],"replies":[{"embeddable":true,"href":"https:\/\/www.intelisis.com\/blog\/wp-json\/wp\/v2\/comments?post=3017"}],"version-history":[{"count":1,"href":"https:\/\/www.intelisis.com\/blog\/wp-json\/wp\/v2\/posts\/3017\/revisions"}],"predecessor-version":[{"id":3019,"href":"https:\/\/www.intelisis.com\/blog\/wp-json\/wp\/v2\/posts\/3017\/revisions\/3019"}],"wp:featuredmedia":[{"embeddable":true,"href":"https:\/\/www.intelisis.com\/blog\/wp-json\/wp\/v2\/media\/3018"}],"wp:attachment":[{"href":"https:\/\/www.intelisis.com\/blog\/wp-json\/wp\/v2\/media?parent=3017"}],"wp:term":[{"taxonomy":"category","embeddable":true,"href":"https:\/\/www.intelisis.com\/blog\/wp-json\/wp\/v2\/categories?post=3017"},{"taxonomy":"post_tag","embeddable":true,"href":"https:\/\/www.intelisis.com\/blog\/wp-json\/wp\/v2\/tags?post=3017"}],"curies":[{"name":"wp","href":"https:\/\/api.w.org\/{rel}","templated":true}]}}