{"id":3167,"date":"2022-11-29T12:09:00","date_gmt":"2022-11-29T18:09:00","guid":{"rendered":"https:\/\/www.intelisis.com\/blog\/blog\/?p=3167"},"modified":"2023-01-25T09:50:43","modified_gmt":"2023-01-25T15:50:43","slug":"plataformas-tecnologicas-tendencias-erp-2023","status":"publish","type":"post","link":"https:\/\/www.intelisis.com\/blog\/plataformas-tecnologicas-tendencias-erp-2023\/","title":{"rendered":"Plataformas tecnol\u00f3gicas: \u00bfcu\u00e1les son las tendencias ERP para el 2023?"},"content":{"rendered":"\n<p>De acuerdo con las proyecciones de <a href=\"https:\/\/www.gartner.com\/en\/newsroom\/press-releases\/2022-02-09-gartner-says-more-than-half-of-enterprise-it-spending\">Gartner<\/a>, para el 2025 el 65% del gasto de software de aplicaciones se orientar\u00e1 a tecnolog\u00edas en la nube. Eso nos da una excelente base para fundamentar lo que viene a continuaci\u00f3n: \u00bfcu\u00e1les son las tendencias en plataformas tecnol\u00f3gicas para el pr\u00f3ximo a\u00f1o?<\/p>\n\n\n\n<p>Contin\u00faa con nosotros y ent\u00e9rate de los ERP que podr\u00e1n ayudarte a crecer de forma sostenida y ahorrar costos en el proceso. Ser\u00e1 un paso m\u00e1s para fundamentar el presupuesto para el 2023.<\/p>\n\n\n\n<blockquote class=\"wp-block-quote is-layout-flow wp-block-quote-is-layout-flow\"><p>De acuerdo con Gartner, para el 2025 el 65% del gasto en software se har\u00e1 en tecnolog\u00edas en la nube.\u00a0<\/p><\/blockquote>\n\n\n\n<h2 class=\"wp-block-heading\" id=\"h-evolucion-de-las-plataformas-tecnologicas-erp-que-se-espera-en-2023\">Evoluci\u00f3n de las plataformas tecnol\u00f3gicas ERP \u00bfqu\u00e9 se espera en 2023?<\/h2>\n\n\n\n<figure class=\"wp-block-image size-full\"><img loading=\"lazy\" decoding=\"async\" width=\"705\" height=\"457\" src=\"https:\/\/www.intelisis.com\/blog\/blog\/wp-content\/uploads\/2022\/11\/que-se-espera-plataformas-tecnologicas.png\" alt=\"\" class=\"wp-image-3170\" srcset=\"https:\/\/www.intelisis.com\/blog\/wp-content\/uploads\/2022\/11\/que-se-espera-plataformas-tecnologicas.png 705w, https:\/\/www.intelisis.com\/blog\/wp-content\/uploads\/2022\/11\/que-se-espera-plataformas-tecnologicas-500x324.png 500w, https:\/\/www.intelisis.com\/blog\/wp-content\/uploads\/2022\/11\/que-se-espera-plataformas-tecnologicas-700x454.png 700w, https:\/\/www.intelisis.com\/blog\/wp-content\/uploads\/2022\/11\/que-se-espera-plataformas-tecnologicas-300x194.png 300w\" sizes=\"auto, (max-width: 705px) 100vw, 705px\" \/><\/figure>\n\n\n\n<p>Para las empresas que se est\u00e1n planteando objetivos ambiciosos existen plataformas tecnol\u00f3gicas capaces de saciar esa demanda. Hablamos de los ERP. Esta es una herramienta creada para <strong>integrar las operaciones de la empresa <\/strong>y que ya tiene mucho tiempo en el mercado.<\/p>\n\n\n\n<p>Justo por esta raz\u00f3n, est\u00e1 mostrando evoluci\u00f3n y soluciones que se adaptan cada vez m\u00e1s a las necesidades empresariales.&nbsp;<\/p>\n\n\n\n<h3 class=\"wp-block-heading\">Integraci\u00f3n con otras tecnolog\u00edas, como IA, CRM y PMS<\/h3>\n\n\n\n<p>Las plataformas tecnol\u00f3gicas como los ERP han sido creadas para llevar a cabo procesos internos: recursos humanos, finanzas, adquisiciones, proceso de fabricaci\u00f3n, etc.<\/p>\n\n\n\n<p>Pero, \u00bfqu\u00e9 pasar\u00eda si se pudiera integrar las operaciones? Por ejemplo, para el sector hotelero integrarlo con un <em>Property Management System<\/em> (PMS) y un Customer Relationship Management (CRM). Al <a href=\"https:\/\/www.intelisis.com\/blog\/blog\/que-son-sistemas-erp-como-funcionan\/\">integrar al ERP<\/a> ambas soluciones se obtiene una panor\u00e1mica de todas las operaciones de la empresa a trav\u00e9s de dos actores vigilantes:<\/p>\n\n\n\n<ol class=\"wp-block-list\"><li>Procesos operativos internos.<\/li><li>Seguimiento y rastreo de las interacciones con los clientes.<\/li><\/ol>\n\n\n\n<p>Ahora imagina todo esto con lo que <a href=\"https:\/\/www.gartner.com\/en\/articles\/gartner-top-10-strategic-technology-trends-for-2023\">Gartner<\/a> ha definido como \u201cobservabilidad aplicada\u201d, t\u00e9rmino proveniente de mezclar los datos generados por una empresa con Artificial Intelligence (AI). Tal adelanto permitir\u00e1 a las empresas <strong>analizar y predecir situaciones que afecten las operaciones <\/strong>y relaciones con clientes.<\/p>\n\n\n\n<h3 class=\"wp-block-heading\">M\u00e1s presencia de tecnolog\u00eda en la nube<\/h3>\n\n\n\n<p>Especialistas en plataformas tecnol\u00f3gicas como <a href=\"https:\/\/www.gartner.com\/en\/newsroom\/press-releases\/2022-10-31-gartner-forecasts-worldwide-public-cloud-end-user-spending-to-reach-nearly-600-billion-in-2023\">Gartner<\/a> han afirmado que el gasto total en inversi\u00f3n en la nube tendr\u00e1 un incremento porcentual de 20.7%.&nbsp;<\/p>\n\n\n\n<blockquote class=\"wp-block-quote is-layout-flow wp-block-quote-is-layout-flow\"><p>La inversi\u00f3n en tecnolog\u00eda en la nube para el 2023 experimentar\u00e1 un crecimiento de 27.3%.<\/p><\/blockquote>\n\n\n\n<p>As\u00ed como un an\u00e1lisis de l\u00edderes de la industria recabado por <a href=\"https:\/\/www.forrester.com\/blogs\/predictions-2023-cloud\/\">Forrester<\/a> indican que las tecnolog\u00edas en la nube ser\u00e1n una tendencia irreversible.<\/p>\n\n\n\n<p>Las predicciones apuntan que las arquitecturas en sitios dejar\u00e1n de ser la primera opci\u00f3n de las empresas y, en cambio, realizar\u00e1n ajustes para migrar a la nube pues presenta mejor seguridad, flexibilidad y accesibilidad.<\/p>\n\n\n\n<h3 class=\"wp-block-heading\">Plataformas tecnol\u00f3gicas adaptadas a las necesidades empresariales<\/h3>\n\n\n\n<figure class=\"wp-block-image size-full\"><img loading=\"lazy\" decoding=\"async\" width=\"704\" height=\"454\" src=\"https:\/\/www.intelisis.com\/blog\/blog\/wp-content\/uploads\/2022\/11\/plataformas-tecnologicas-adaptadas.png\" alt=\"Plataformas tecnol\u00f3gicas y las necesidades empresariales \" class=\"wp-image-3171\" srcset=\"https:\/\/www.intelisis.com\/blog\/wp-content\/uploads\/2022\/11\/plataformas-tecnologicas-adaptadas.png 704w, https:\/\/www.intelisis.com\/blog\/wp-content\/uploads\/2022\/11\/plataformas-tecnologicas-adaptadas-500x322.png 500w, https:\/\/www.intelisis.com\/blog\/wp-content\/uploads\/2022\/11\/plataformas-tecnologicas-adaptadas-700x451.png 700w, https:\/\/www.intelisis.com\/blog\/wp-content\/uploads\/2022\/11\/plataformas-tecnologicas-adaptadas-300x193.png 300w\" sizes=\"auto, (max-width: 704px) 100vw, 704px\" \/><\/figure>\n\n\n\n<p>Bien sabes que estamos viviendo en un momento donde la hiperpersonalizaci\u00f3n es necesaria para vender mejor. Mientras m\u00e1s espec\u00edficos seas en la soluciones que ofreces, m\u00e1s calificados ser\u00e1n.<\/p>\n\n\n\n<p>La industria IT tambi\u00e9n ha comprendido que no hay dos empresas iguales, a\u00fan cuando pertenecen al mismo sector. Por eso, se observa como tendencias ERP las soluciones tecnol\u00f3gicas \u201ctallas \u00fanicas\u201d. Eso quiere decir que <strong>podr\u00e1s personalizarlo de acuerdo con tu situaci\u00f3n actual <\/strong>e ir modificando; agregando o quitando m\u00f3dulos seg\u00fan tu escalabilidad.<\/p>\n\n\n\n<p>\u00bfQu\u00e9 es lo que consigues? Que tu fuerza laboral se sienta como pez en el agua y que tenga las herramientas que necesita para crecer.<\/p><div id=\"intel-1752289237\" class=\"intel-contenido-4 intel-entity-placement\"><!--noptimize--><img loading=\"lazy\" decoding=\"async\" src=\"https:\/\/www.intelisis.com\/blog\/wp-content\/uploads\/2025\/04\/\u00bfQue-debe-tener-un-ERP-en-2025-La-guia-definitiva-para-optimizar-tu-negocio-CTA-02-min.png\" alt=\"\u00bfQu\u00e9 debe tener un ERP en 2025? La gu\u00eda definitiva para optimizar tu negocio\"  srcset=\"https:\/\/www.intelisis.com\/blog\/wp-content\/uploads\/2025\/04\/\u00bfQue-debe-tener-un-ERP-en-2025-La-guia-definitiva-para-optimizar-tu-negocio-CTA-02-min.png 701w, https:\/\/www.intelisis.com\/blog\/wp-content\/uploads\/2025\/04\/\u00bfQue-debe-tener-un-ERP-en-2025-La-guia-definitiva-para-optimizar-tu-negocio-CTA-02-min-300x116.png 300w, https:\/\/www.intelisis.com\/blog\/wp-content\/uploads\/2025\/04\/\u00bfQue-debe-tener-un-ERP-en-2025-La-guia-definitiva-para-optimizar-tu-negocio-CTA-02-min-500x193.png 500w\" sizes=\"(max-width: 701px) 100vw, 701px\" width=\"701\" height=\"270\"   \/><!--\/noptimize--><\/div>\n\n\n\n<h3 class=\"wp-block-heading\">M\u00e1s funcionalidades m\u00f3viles: una tendencia ERP en 2023<\/h3>\n\n\n\n<p>Otras de las tendencias ERP en plataformas tecnol\u00f3gicas es la posibilidad de integrar diferentes dispositivos, entre tanto, los m\u00f3viles. Una alternativa potencialmente \u00fatil para las empresas que tienen personal trabajando en campo: log\u00edstica, distribuci\u00f3n y ventas.<\/p>\n\n\n\n<p>El uso del m\u00f3vil como herramienta de trabajo y para acceder a datos no es algo que deber\u00eda sorprender. De hecho, <a href=\"https:\/\/www.perillon.com\/blog\/mobile-statistics-devices-at-work\">el 87% de las empresas<\/a> conf\u00edan en que sus empleados usen sus m\u00f3viles para acceder a las aplicaciones de la empresa.<\/p>\n\n\n\n<p>Entonces, s\u00ed. Es una tendencia ERP que valdr\u00e1 adoptar y explorar.<\/p>\n\n\n\n<h3 class=\"wp-block-heading\">Plataformas tecnol\u00f3gicas con monitoreo de procesos mediante IoT&nbsp;<\/h3>\n\n\n\n<p>El Internet de las Cosas (IoT) de manera individual ya es una ventaja competitiva para las empresas del sector manufacturero. De hecho, <a href=\"https:\/\/www.statista.com\/statistics\/1183457\/iot-connected-devices-worldwide\/\">Statista<\/a> proyecta que para el 2023 haya m\u00e1s de 15 mil dispositivos conectados bajo esta plataforma tecnol\u00f3gica.<\/p>\n\n\n\n<p>Por ello, para el pr\u00f3ximo a\u00f1o se prev\u00e9 que la fusi\u00f3n entre estas dos plataformas tecnol\u00f3gicas sea inminente. Su fusi\u00f3n se alinea con los objetivos de las empresas: <strong>reducci\u00f3n de costos, control y optimizaci\u00f3n operativa<\/strong>.&nbsp;<\/p>\n\n\n\n<h3 class=\"wp-block-heading\">Mayor uso de la inteligencia de negocios<\/h3>\n\n\n\n<p>Tal parece que la tecnolog\u00eda es un recurso infinito que se vuelve cada vez m\u00e1s importante para el crecimiento de las empresas. Todo indica que esto continuar\u00e1 para el pr\u00f3ximo a\u00f1o y, como consecuencia natural, habr\u00e1 m\u00e1s empresas inteligentes porque contar\u00e1n con:<\/p>\n\n\n\n<ol class=\"wp-block-list\"><li>Un ecosistema creado para encontrar fallas en tiempo real.<\/li><li>Herramientas para encontrar oportunidades de mejoras y crear l\u00edneas de negocios.<\/li><li>Plataformas tecnol\u00f3gicas para acelerar las operaciones sin errores humanos.<\/li><li>Retenci\u00f3n de clientes con una experiencia inmersiva.<\/li><li>Ahorro de costos.<\/li><\/ol>\n\n\n\n<p>Todo esto porque gestionas tu empresa con la asistencia del <a href=\"https:\/\/www.intelisis.com\/blog\/blog\/estrategias-de-big-data-sectores-implementar\/\">big data<\/a> y la interpretaci\u00f3n que tu equipo le d\u00e9.&nbsp;<\/p>\n\n\n\n<h2 class=\"wp-block-heading\">Conclusi\u00f3n sobre las tendencias ERP para 2023<\/h2>\n\n\n\n<p>No nos queda la menor duda que las plataformas tecnol\u00f3gicas han llegado para quedarse y hacerte evolucionar tan r\u00e1pido como lo desees. Todo apunta a que la industria IT funcione de manera integral para ofrecer mejores resultados y obtener control absoluto sobre las operaciones de la empresa.<\/p>\n\n\n\n<p>Con el uso de estas tecnolog\u00edas, las empresas de distintos sectores tendr\u00e1n la facultad y <strong>la certeza de tomar decisiones basadas en datos<\/strong>. Y no solo eso, tambi\u00e9n monitorear\u00e1n en tiempo real todo lo que sucede tanto back-end como front-end.<\/p>\n\n\n\n<p>En <a href=\"https:\/\/www.intelisis.com\/blog\/\">Intelisis<\/a> estar\u00edamos complacidos de ser parte de esa transformaci\u00f3n digital que deseas implementar y asistirte en cada implementaci\u00f3n.&nbsp;<\/p>\n\n\n\n<p><strong>Te puede interesar:<\/strong><\/p>\n\n\n\n<p><a href=\"https:\/\/www.intelisis.com\/blog\/blog\/5-factores-a-tomar-en-cuenta-para-tu-estrategia-de-crecimiento\/\">5 Factores A Tomar En Cuenta Para Tu Estrategia De Crecimiento<\/a><\/p>\n\n\n\n<p><a href=\"https:\/\/www.intelisis.com\/blog\/blog\/importancia-gestion-empresarial\/\">La Importancia De La Gesti\u00f3n Empresarial<\/a><\/p>\n\n\n\n<p><a href=\"https:\/\/www.intelisis.com\/blog\/blog\/guia-migracion-o-implementacion-de-un-erp\/\">Gu\u00eda Para La Migraci\u00f3n O Implementaci\u00f3n De Un ERP En La Nube<\/a><\/p>\n\n\n<div class=\"kk-star-ratings kksr-auto kksr-align-center kksr-valign-bottom\"\n    data-payload='{&quot;align&quot;:&quot;center&quot;,&quot;id&quot;:&quot;3167&quot;,&quot;slug&quot;:&quot;default&quot;,&quot;valign&quot;:&quot;bottom&quot;,&quot;ignore&quot;:&quot;&quot;,&quot;reference&quot;:&quot;auto&quot;,&quot;class&quot;:&quot;&quot;,&quot;count&quot;:&quot;0&quot;,&quot;legendonly&quot;:&quot;&quot;,&quot;readonly&quot;:&quot;&quot;,&quot;score&quot;:&quot;0&quot;,&quot;starsonly&quot;:&quot;&quot;,&quot;best&quot;:&quot;5&quot;,&quot;gap&quot;:&quot;5&quot;,&quot;greet&quot;:&quot;Califica post&quot;,&quot;legend&quot;:&quot;0\\\/5 - (0 votes)&quot;,&quot;size&quot;:&quot;15&quot;,&quot;title&quot;:&quot;Plataformas tecnol\u00f3gicas: \u00bfcu\u00e1les son las tendencias ERP para el 2023?&quot;,&quot;width&quot;:&quot;0&quot;,&quot;_legend&quot;:&quot;{score}\\\/{best} - ({count} {votes})&quot;,&quot;font_factor&quot;:&quot;1.25&quot;}'>\n            \n<div class=\"kksr-stars\">\n    \n<div class=\"kksr-stars-inactive\">\n            <div class=\"kksr-star\" data-star=\"1\" style=\"padding-right: 5px\">\n            \n\n<div class=\"kksr-icon\" style=\"width: 15px; height: 15px;\"><\/div>\n        <\/div>\n            <div class=\"kksr-star\" data-star=\"2\" style=\"padding-right: 5px\">\n            \n\n<div class=\"kksr-icon\" style=\"width: 15px; height: 15px;\"><\/div>\n        <\/div>\n            <div class=\"kksr-star\" data-star=\"3\" style=\"padding-right: 5px\">\n            \n\n<div class=\"kksr-icon\" style=\"width: 15px; height: 15px;\"><\/div>\n        <\/div>\n            <div class=\"kksr-star\" data-star=\"4\" style=\"padding-right: 5px\">\n            \n\n<div class=\"kksr-icon\" style=\"width: 15px; height: 15px;\"><\/div>\n        <\/div>\n            <div class=\"kksr-star\" data-star=\"5\" style=\"padding-right: 5px\">\n            \n\n<div class=\"kksr-icon\" style=\"width: 15px; height: 15px;\"><\/div>\n        <\/div>\n    <\/div>\n    \n<div class=\"kksr-stars-active\" style=\"width: 0px;\">\n            <div class=\"kksr-star\" style=\"padding-right: 5px\">\n            \n\n<div class=\"kksr-icon\" style=\"width: 15px; height: 15px;\"><\/div>\n        <\/div>\n            <div class=\"kksr-star\" style=\"padding-right: 5px\">\n            \n\n<div class=\"kksr-icon\" style=\"width: 15px; height: 15px;\"><\/div>\n        <\/div>\n            <div class=\"kksr-star\" style=\"padding-right: 5px\">\n            \n\n<div class=\"kksr-icon\" style=\"width: 15px; height: 15px;\"><\/div>\n        <\/div>\n            <div class=\"kksr-star\" style=\"padding-right: 5px\">\n            \n\n<div class=\"kksr-icon\" style=\"width: 15px; height: 15px;\"><\/div>\n        <\/div>\n            <div class=\"kksr-star\" style=\"padding-right: 5px\">\n            \n\n<div class=\"kksr-icon\" style=\"width: 15px; height: 15px;\"><\/div>\n        <\/div>\n    <\/div>\n<\/div>\n                \n\n<div class=\"kksr-legend\" style=\"font-size: 12px;\">\n            <span class=\"kksr-muted\">Califica post<\/span>\n    <\/div>\n    <\/div>\n","protected":false},"excerpt":{"rendered":"<p>De acuerdo con las proyecciones de Gartner, para el 2025 el 65% del gasto de software de aplicaciones se orientar\u00e1 a tecnolog\u00edas en la nube. Eso nos da una excelente base para fundamentar lo que viene a continuaci\u00f3n: \u00bfcu\u00e1les son las tendencias en plataformas tecnol\u00f3gicas para el pr\u00f3ximo a\u00f1o? Contin\u00faa con nosotros y ent\u00e9rate de [&hellip;]<\/p>\n","protected":false},"author":19,"featured_media":3169,"comment_status":"open","ping_status":"closed","sticky":false,"template":"","format":"standard","meta":{"footnotes":""},"categories":[748],"tags":[13,21,842,41],"class_list":["post-3167","post","type-post","status-publish","format-standard","has-post-thumbnail","hentry","category-intelisis-erp-software","tag-erp","tag-intelisis-erp","tag-tendencia","tag-transformacion-digital"],"aioseo_notices":[],"yoast_head":"<!-- This site is optimized with the Yoast SEO Premium plugin v27.5 (Yoast SEO v27.5) - https:\/\/yoast.com\/product\/yoast-seo-premium-wordpress\/ -->\n<title>Plataformas tecnol\u00f3gicas: tendencias ERP 2023- Intelisis Blog<\/title>\n<meta name=\"description\" content=\"Con el 2023 se Acercan las Tendencias ERP y Plataformas Tecnol\u00f3gicas para las Empresas Y Sus Objetivos de Crecimiento. Con\u00f3celas Aqu\u00ed.\" \/>\n<meta name=\"robots\" content=\"index, follow, max-snippet:-1, max-image-preview:large, max-video-preview:-1\" \/>\n<link rel=\"canonical\" href=\"https:\/\/www.intelisis.com\/blog\/plataformas-tecnologicas-tendencias-erp-2023\/\" \/>\n<meta property=\"og:locale\" content=\"es_MX\" \/>\n<meta property=\"og:type\" content=\"article\" \/>\n<meta property=\"og:title\" content=\"Plataformas tecnol\u00f3gicas: \u00bfcu\u00e1les son las tendencias ERP para el 2023?\" \/>\n<meta property=\"og:description\" content=\"Con el 2023 se Acercan las Tendencias ERP y Plataformas Tecnol\u00f3gicas para las Empresas Y Sus Objetivos de Crecimiento. Con\u00f3celas Aqu\u00ed.\" \/>\n<meta property=\"og:url\" content=\"https:\/\/www.intelisis.com\/blog\/plataformas-tecnologicas-tendencias-erp-2023\/\" \/>\n<meta property=\"og:site_name\" content=\"Intelisis Blog\" \/>\n<meta property=\"article:publisher\" content=\"https:\/\/www.facebook.com\/Intelisis\/\" \/>\n<meta property=\"article:published_time\" content=\"2022-11-29T18:09:00+00:00\" \/>\n<meta property=\"article:modified_time\" content=\"2023-01-25T15:50:43+00:00\" \/>\n<meta property=\"og:image\" content=\"https:\/\/www.intelisis.com\/blog\/wp-content\/uploads\/2022\/11\/tendencias-erp-plataformas-tecnologicas-2023.png\" \/>\n\t<meta property=\"og:image:width\" content=\"842\" \/>\n\t<meta property=\"og:image:height\" content=\"538\" \/>\n\t<meta property=\"og:image:type\" content=\"image\/png\" \/>\n<meta name=\"author\" content=\"Intelisis\" \/>\n<meta name=\"twitter:card\" content=\"summary_large_image\" \/>\n<meta name=\"twitter:creator\" content=\"@IntelisisCorp\" \/>\n<meta name=\"twitter:site\" content=\"@IntelisisCorp\" \/>\n<meta name=\"twitter:label1\" content=\"Escrito por\" \/>\n\t<meta name=\"twitter:data1\" content=\"Intelisis\" \/>\n\t<meta name=\"twitter:label2\" content=\"Tiempo de lectura\" \/>\n\t<meta name=\"twitter:data2\" content=\"5 minutos\" \/>\n<script type=\"application\/ld+json\" class=\"yoast-schema-graph\">{\"@context\":\"https:\\\/\\\/schema.org\",\"@graph\":[{\"@type\":\"Article\",\"@id\":\"https:\\\/\\\/www.intelisis.com\\\/blog\\\/plataformas-tecnologicas-tendencias-erp-2023\\\/#article\",\"isPartOf\":{\"@id\":\"https:\\\/\\\/www.intelisis.com\\\/blog\\\/plataformas-tecnologicas-tendencias-erp-2023\\\/\"},\"author\":{\"name\":\"Intelisis\",\"@id\":\"https:\\\/\\\/www.intelisis.com\\\/blog\\\/#\\\/schema\\\/person\\\/00d44b0c56ac865a77583094112e890b\"},\"headline\":\"Plataformas tecnol\u00f3gicas: \u00bfcu\u00e1les son las tendencias ERP para el 2023?\",\"datePublished\":\"2022-11-29T18:09:00+00:00\",\"dateModified\":\"2023-01-25T15:50:43+00:00\",\"mainEntityOfPage\":{\"@id\":\"https:\\\/\\\/www.intelisis.com\\\/blog\\\/plataformas-tecnologicas-tendencias-erp-2023\\\/\"},\"wordCount\":1058,\"commentCount\":0,\"publisher\":{\"@id\":\"https:\\\/\\\/www.intelisis.com\\\/blog\\\/#organization\"},\"image\":{\"@id\":\"https:\\\/\\\/www.intelisis.com\\\/blog\\\/plataformas-tecnologicas-tendencias-erp-2023\\\/#primaryimage\"},\"thumbnailUrl\":\"https:\\\/\\\/www.intelisis.com\\\/blog\\\/wp-content\\\/uploads\\\/2022\\\/11\\\/tendencias-erp-plataformas-tecnologicas-2023.png\",\"keywords\":[\"ERP\",\"Intelisis ERP\",\"Tendencia\",\"Transformaci\u00f3n Digital\"],\"articleSection\":[\"Intelisis ERP\"],\"inLanguage\":\"es\",\"potentialAction\":[{\"@type\":\"CommentAction\",\"name\":\"Comment\",\"target\":[\"https:\\\/\\\/www.intelisis.com\\\/blog\\\/plataformas-tecnologicas-tendencias-erp-2023\\\/#respond\"]}]},{\"@type\":\"WebPage\",\"@id\":\"https:\\\/\\\/www.intelisis.com\\\/blog\\\/plataformas-tecnologicas-tendencias-erp-2023\\\/\",\"url\":\"https:\\\/\\\/www.intelisis.com\\\/blog\\\/plataformas-tecnologicas-tendencias-erp-2023\\\/\",\"name\":\"Plataformas tecnol\u00f3gicas: tendencias ERP 2023- Intelisis Blog\",\"isPartOf\":{\"@id\":\"https:\\\/\\\/www.intelisis.com\\\/blog\\\/#website\"},\"primaryImageOfPage\":{\"@id\":\"https:\\\/\\\/www.intelisis.com\\\/blog\\\/plataformas-tecnologicas-tendencias-erp-2023\\\/#primaryimage\"},\"image\":{\"@id\":\"https:\\\/\\\/www.intelisis.com\\\/blog\\\/plataformas-tecnologicas-tendencias-erp-2023\\\/#primaryimage\"},\"thumbnailUrl\":\"https:\\\/\\\/www.intelisis.com\\\/blog\\\/wp-content\\\/uploads\\\/2022\\\/11\\\/tendencias-erp-plataformas-tecnologicas-2023.png\",\"datePublished\":\"2022-11-29T18:09:00+00:00\",\"dateModified\":\"2023-01-25T15:50:43+00:00\",\"description\":\"Con el 2023 se Acercan las Tendencias ERP y Plataformas Tecnol\u00f3gicas para las Empresas Y Sus Objetivos de Crecimiento. Con\u00f3celas Aqu\u00ed.\",\"breadcrumb\":{\"@id\":\"https:\\\/\\\/www.intelisis.com\\\/blog\\\/plataformas-tecnologicas-tendencias-erp-2023\\\/#breadcrumb\"},\"inLanguage\":\"es\",\"potentialAction\":[{\"@type\":\"ReadAction\",\"target\":[\"https:\\\/\\\/www.intelisis.com\\\/blog\\\/plataformas-tecnologicas-tendencias-erp-2023\\\/\"]}]},{\"@type\":\"ImageObject\",\"inLanguage\":\"es\",\"@id\":\"https:\\\/\\\/www.intelisis.com\\\/blog\\\/plataformas-tecnologicas-tendencias-erp-2023\\\/#primaryimage\",\"url\":\"https:\\\/\\\/www.intelisis.com\\\/blog\\\/wp-content\\\/uploads\\\/2022\\\/11\\\/tendencias-erp-plataformas-tecnologicas-2023.png\",\"contentUrl\":\"https:\\\/\\\/www.intelisis.com\\\/blog\\\/wp-content\\\/uploads\\\/2022\\\/11\\\/tendencias-erp-plataformas-tecnologicas-2023.png\",\"width\":842,\"height\":538,\"caption\":\"Conoce las tendencias ERP y las plataformas tecnol\u00f3gicas para el 2023\"},{\"@type\":\"BreadcrumbList\",\"@id\":\"https:\\\/\\\/www.intelisis.com\\\/blog\\\/plataformas-tecnologicas-tendencias-erp-2023\\\/#breadcrumb\",\"itemListElement\":[{\"@type\":\"ListItem\",\"position\":1,\"name\":\"Inicio\",\"item\":\"https:\\\/\\\/www.intelisis.com\\\/blog\\\/\"},{\"@type\":\"ListItem\",\"position\":2,\"name\":\"Plataformas tecnol\u00f3gicas: \u00bfcu\u00e1les son las tendencias ERP para el 2023?\"}]},{\"@type\":\"WebSite\",\"@id\":\"https:\\\/\\\/www.intelisis.com\\\/blog\\\/#website\",\"url\":\"https:\\\/\\\/www.intelisis.com\\\/blog\\\/\",\"name\":\"Blog Intelisis Software\",\"description\":\"Informaci&oacute;n de valor sobre ERP y tendencias tecnol&oacute;gicas\",\"publisher\":{\"@id\":\"https:\\\/\\\/www.intelisis.com\\\/blog\\\/#organization\"},\"potentialAction\":[{\"@type\":\"SearchAction\",\"target\":{\"@type\":\"EntryPoint\",\"urlTemplate\":\"https:\\\/\\\/www.intelisis.com\\\/blog\\\/?s={search_term_string}\"},\"query-input\":{\"@type\":\"PropertyValueSpecification\",\"valueRequired\":true,\"valueName\":\"search_term_string\"}}],\"inLanguage\":\"es\"},{\"@type\":\"Organization\",\"@id\":\"https:\\\/\\\/www.intelisis.com\\\/blog\\\/#organization\",\"name\":\"Intelisis Software\",\"url\":\"https:\\\/\\\/www.intelisis.com\\\/blog\\\/\",\"logo\":{\"@type\":\"ImageObject\",\"inLanguage\":\"es\",\"@id\":\"https:\\\/\\\/www.intelisis.com\\\/blog\\\/#\\\/schema\\\/logo\\\/image\\\/\",\"url\":\"https:\\\/\\\/www.intelisis.com\\\/blog\\\/wp-content\\\/uploads\\\/2023\\\/08\\\/logo_intelisis_.png\",\"contentUrl\":\"https:\\\/\\\/www.intelisis.com\\\/blog\\\/wp-content\\\/uploads\\\/2023\\\/08\\\/logo_intelisis_.png\",\"width\":1133,\"height\":326,\"caption\":\"Intelisis Software\"},\"image\":{\"@id\":\"https:\\\/\\\/www.intelisis.com\\\/blog\\\/#\\\/schema\\\/logo\\\/image\\\/\"},\"sameAs\":[\"https:\\\/\\\/www.facebook.com\\\/Intelisis\\\/\",\"https:\\\/\\\/x.com\\\/IntelisisCorp\",\"https:\\\/\\\/www.linkedin.com\\\/company\\\/intelisis-sa-de-cv\\\/\",\"https:\\\/\\\/www.youtube.com\\\/channel\\\/UCRFKIq10T-foPWN4hN2Jhrg\"]},{\"@type\":\"Person\",\"@id\":\"https:\\\/\\\/www.intelisis.com\\\/blog\\\/#\\\/schema\\\/person\\\/00d44b0c56ac865a77583094112e890b\",\"name\":\"Intelisis\",\"image\":{\"@type\":\"ImageObject\",\"inLanguage\":\"es\",\"@id\":\"https:\\\/\\\/secure.gravatar.com\\\/avatar\\\/9b992b67a8defa2dc50cc9be029a3f9d992af431fb4fa84bdec8767de82fe367?s=96&d=mm&r=g\",\"url\":\"https:\\\/\\\/secure.gravatar.com\\\/avatar\\\/9b992b67a8defa2dc50cc9be029a3f9d992af431fb4fa84bdec8767de82fe367?s=96&d=mm&r=g\",\"contentUrl\":\"https:\\\/\\\/secure.gravatar.com\\\/avatar\\\/9b992b67a8defa2dc50cc9be029a3f9d992af431fb4fa84bdec8767de82fe367?s=96&d=mm&r=g\",\"caption\":\"Intelisis\"},\"sameAs\":[\"https:\\\/\\\/www.intelisis.com\"]}]}<\/script>\n<!-- \/ Yoast SEO Premium plugin. -->","yoast_head_json":{"title":"Plataformas tecnol\u00f3gicas: tendencias ERP 2023- Intelisis Blog","description":"Con el 2023 se Acercan las Tendencias ERP y Plataformas Tecnol\u00f3gicas para las Empresas Y Sus Objetivos de Crecimiento. Con\u00f3celas Aqu\u00ed.","robots":{"index":"index","follow":"follow","max-snippet":"max-snippet:-1","max-image-preview":"max-image-preview:large","max-video-preview":"max-video-preview:-1"},"canonical":"https:\/\/www.intelisis.com\/blog\/plataformas-tecnologicas-tendencias-erp-2023\/","og_locale":"es_MX","og_type":"article","og_title":"Plataformas tecnol\u00f3gicas: \u00bfcu\u00e1les son las tendencias ERP para el 2023?","og_description":"Con el 2023 se Acercan las Tendencias ERP y Plataformas Tecnol\u00f3gicas para las Empresas Y Sus Objetivos de Crecimiento. Con\u00f3celas Aqu\u00ed.","og_url":"https:\/\/www.intelisis.com\/blog\/plataformas-tecnologicas-tendencias-erp-2023\/","og_site_name":"Intelisis Blog","article_publisher":"https:\/\/www.facebook.com\/Intelisis\/","article_published_time":"2022-11-29T18:09:00+00:00","article_modified_time":"2023-01-25T15:50:43+00:00","og_image":[{"width":842,"height":538,"url":"https:\/\/www.intelisis.com\/blog\/wp-content\/uploads\/2022\/11\/tendencias-erp-plataformas-tecnologicas-2023.png","type":"image\/png"}],"author":"Intelisis","twitter_card":"summary_large_image","twitter_creator":"@IntelisisCorp","twitter_site":"@IntelisisCorp","twitter_misc":{"Escrito por":"Intelisis","Tiempo de lectura":"5 minutos"},"schema":{"@context":"https:\/\/schema.org","@graph":[{"@type":"Article","@id":"https:\/\/www.intelisis.com\/blog\/plataformas-tecnologicas-tendencias-erp-2023\/#article","isPartOf":{"@id":"https:\/\/www.intelisis.com\/blog\/plataformas-tecnologicas-tendencias-erp-2023\/"},"author":{"name":"Intelisis","@id":"https:\/\/www.intelisis.com\/blog\/#\/schema\/person\/00d44b0c56ac865a77583094112e890b"},"headline":"Plataformas tecnol\u00f3gicas: \u00bfcu\u00e1les son las tendencias ERP para el 2023?","datePublished":"2022-11-29T18:09:00+00:00","dateModified":"2023-01-25T15:50:43+00:00","mainEntityOfPage":{"@id":"https:\/\/www.intelisis.com\/blog\/plataformas-tecnologicas-tendencias-erp-2023\/"},"wordCount":1058,"commentCount":0,"publisher":{"@id":"https:\/\/www.intelisis.com\/blog\/#organization"},"image":{"@id":"https:\/\/www.intelisis.com\/blog\/plataformas-tecnologicas-tendencias-erp-2023\/#primaryimage"},"thumbnailUrl":"https:\/\/www.intelisis.com\/blog\/wp-content\/uploads\/2022\/11\/tendencias-erp-plataformas-tecnologicas-2023.png","keywords":["ERP","Intelisis ERP","Tendencia","Transformaci\u00f3n Digital"],"articleSection":["Intelisis ERP"],"inLanguage":"es","potentialAction":[{"@type":"CommentAction","name":"Comment","target":["https:\/\/www.intelisis.com\/blog\/plataformas-tecnologicas-tendencias-erp-2023\/#respond"]}]},{"@type":"WebPage","@id":"https:\/\/www.intelisis.com\/blog\/plataformas-tecnologicas-tendencias-erp-2023\/","url":"https:\/\/www.intelisis.com\/blog\/plataformas-tecnologicas-tendencias-erp-2023\/","name":"Plataformas tecnol\u00f3gicas: tendencias ERP 2023- Intelisis Blog","isPartOf":{"@id":"https:\/\/www.intelisis.com\/blog\/#website"},"primaryImageOfPage":{"@id":"https:\/\/www.intelisis.com\/blog\/plataformas-tecnologicas-tendencias-erp-2023\/#primaryimage"},"image":{"@id":"https:\/\/www.intelisis.com\/blog\/plataformas-tecnologicas-tendencias-erp-2023\/#primaryimage"},"thumbnailUrl":"https:\/\/www.intelisis.com\/blog\/wp-content\/uploads\/2022\/11\/tendencias-erp-plataformas-tecnologicas-2023.png","datePublished":"2022-11-29T18:09:00+00:00","dateModified":"2023-01-25T15:50:43+00:00","description":"Con el 2023 se Acercan las Tendencias ERP y Plataformas Tecnol\u00f3gicas para las Empresas Y Sus Objetivos de Crecimiento. Con\u00f3celas Aqu\u00ed.","breadcrumb":{"@id":"https:\/\/www.intelisis.com\/blog\/plataformas-tecnologicas-tendencias-erp-2023\/#breadcrumb"},"inLanguage":"es","potentialAction":[{"@type":"ReadAction","target":["https:\/\/www.intelisis.com\/blog\/plataformas-tecnologicas-tendencias-erp-2023\/"]}]},{"@type":"ImageObject","inLanguage":"es","@id":"https:\/\/www.intelisis.com\/blog\/plataformas-tecnologicas-tendencias-erp-2023\/#primaryimage","url":"https:\/\/www.intelisis.com\/blog\/wp-content\/uploads\/2022\/11\/tendencias-erp-plataformas-tecnologicas-2023.png","contentUrl":"https:\/\/www.intelisis.com\/blog\/wp-content\/uploads\/2022\/11\/tendencias-erp-plataformas-tecnologicas-2023.png","width":842,"height":538,"caption":"Conoce las tendencias ERP y las plataformas tecnol\u00f3gicas para el 2023"},{"@type":"BreadcrumbList","@id":"https:\/\/www.intelisis.com\/blog\/plataformas-tecnologicas-tendencias-erp-2023\/#breadcrumb","itemListElement":[{"@type":"ListItem","position":1,"name":"Inicio","item":"https:\/\/www.intelisis.com\/blog\/"},{"@type":"ListItem","position":2,"name":"Plataformas tecnol\u00f3gicas: \u00bfcu\u00e1les son las tendencias ERP para el 2023?"}]},{"@type":"WebSite","@id":"https:\/\/www.intelisis.com\/blog\/#website","url":"https:\/\/www.intelisis.com\/blog\/","name":"Blog Intelisis Software","description":"Informaci&oacute;n de valor sobre ERP y tendencias tecnol&oacute;gicas","publisher":{"@id":"https:\/\/www.intelisis.com\/blog\/#organization"},"potentialAction":[{"@type":"SearchAction","target":{"@type":"EntryPoint","urlTemplate":"https:\/\/www.intelisis.com\/blog\/?s={search_term_string}"},"query-input":{"@type":"PropertyValueSpecification","valueRequired":true,"valueName":"search_term_string"}}],"inLanguage":"es"},{"@type":"Organization","@id":"https:\/\/www.intelisis.com\/blog\/#organization","name":"Intelisis Software","url":"https:\/\/www.intelisis.com\/blog\/","logo":{"@type":"ImageObject","inLanguage":"es","@id":"https:\/\/www.intelisis.com\/blog\/#\/schema\/logo\/image\/","url":"https:\/\/www.intelisis.com\/blog\/wp-content\/uploads\/2023\/08\/logo_intelisis_.png","contentUrl":"https:\/\/www.intelisis.com\/blog\/wp-content\/uploads\/2023\/08\/logo_intelisis_.png","width":1133,"height":326,"caption":"Intelisis Software"},"image":{"@id":"https:\/\/www.intelisis.com\/blog\/#\/schema\/logo\/image\/"},"sameAs":["https:\/\/www.facebook.com\/Intelisis\/","https:\/\/x.com\/IntelisisCorp","https:\/\/www.linkedin.com\/company\/intelisis-sa-de-cv\/","https:\/\/www.youtube.com\/channel\/UCRFKIq10T-foPWN4hN2Jhrg"]},{"@type":"Person","@id":"https:\/\/www.intelisis.com\/blog\/#\/schema\/person\/00d44b0c56ac865a77583094112e890b","name":"Intelisis","image":{"@type":"ImageObject","inLanguage":"es","@id":"https:\/\/secure.gravatar.com\/avatar\/9b992b67a8defa2dc50cc9be029a3f9d992af431fb4fa84bdec8767de82fe367?s=96&d=mm&r=g","url":"https:\/\/secure.gravatar.com\/avatar\/9b992b67a8defa2dc50cc9be029a3f9d992af431fb4fa84bdec8767de82fe367?s=96&d=mm&r=g","contentUrl":"https:\/\/secure.gravatar.com\/avatar\/9b992b67a8defa2dc50cc9be029a3f9d992af431fb4fa84bdec8767de82fe367?s=96&d=mm&r=g","caption":"Intelisis"},"sameAs":["https:\/\/www.intelisis.com"]}]}},"amp_enabled":true,"post_mailing_queue_ids":[],"_links":{"self":[{"href":"https:\/\/www.intelisis.com\/blog\/wp-json\/wp\/v2\/posts\/3167","targetHints":{"allow":["GET"]}}],"collection":[{"href":"https:\/\/www.intelisis.com\/blog\/wp-json\/wp\/v2\/posts"}],"about":[{"href":"https:\/\/www.intelisis.com\/blog\/wp-json\/wp\/v2\/types\/post"}],"author":[{"embeddable":true,"href":"https:\/\/www.intelisis.com\/blog\/wp-json\/wp\/v2\/users\/19"}],"replies":[{"embeddable":true,"href":"https:\/\/www.intelisis.com\/blog\/wp-json\/wp\/v2\/comments?post=3167"}],"version-history":[{"count":2,"href":"https:\/\/www.intelisis.com\/blog\/wp-json\/wp\/v2\/posts\/3167\/revisions"}],"predecessor-version":[{"id":3173,"href":"https:\/\/www.intelisis.com\/blog\/wp-json\/wp\/v2\/posts\/3167\/revisions\/3173"}],"wp:featuredmedia":[{"embeddable":true,"href":"https:\/\/www.intelisis.com\/blog\/wp-json\/wp\/v2\/media\/3169"}],"wp:attachment":[{"href":"https:\/\/www.intelisis.com\/blog\/wp-json\/wp\/v2\/media?parent=3167"}],"wp:term":[{"taxonomy":"category","embeddable":true,"href":"https:\/\/www.intelisis.com\/blog\/wp-json\/wp\/v2\/categories?post=3167"},{"taxonomy":"post_tag","embeddable":true,"href":"https:\/\/www.intelisis.com\/blog\/wp-json\/wp\/v2\/tags?post=3167"}],"curies":[{"name":"wp","href":"https:\/\/api.w.org\/{rel}","templated":true}]}}