{"id":392,"date":"2018-02-23T12:05:24","date_gmt":"2018-02-23T18:05:24","guid":{"rendered":"http:\/\/intelisis.com\/blog\/?p=392"},"modified":"2018-02-23T12:05:24","modified_gmt":"2018-02-23T18:05:24","slug":"software-empresarial-mexicano-apoyo-a-nivel-macroeconomico","status":"publish","type":"post","link":"https:\/\/www.intelisis.com\/blog\/software-empresarial-mexicano-apoyo-a-nivel-macroeconomico\/","title":{"rendered":"Software empresarial mexicano: apoyo a nivel macroecon\u00f3mico"},"content":{"rendered":"<p><em>De acuerdo con el Reporte de Competitividad Global de la Secretar\u00eda de Econom\u00eda, con la informaci\u00f3n del WEF, en la nueva metodolog\u00eda para determinar el \u00edndice de competitividad de los pa\u00edses, el rubro de la \u201cDisponibilidad Tecnol\u00f3gica\u201d mostr\u00f3 un cambio importante y es que, ya es considerado un requerimiento b\u00e1sico para el desarrollo de una econom\u00eda, en este sentido se resalta que <strong>M\u00e9xico<\/strong> subi\u00f3 dos posiciones en el rubro de disponibilidad tecnol\u00f3gica dentro del \u00edndice de Competitividad Global.<\/em><\/p>\n<p style=\"text-align: justify;\">\u201cAunque el ranking de este pilar present\u00f3 un aumento, a\u00fan falta que M\u00e9xico impulse m\u00e1s proyectos en <strong>TI;<\/strong> tal es el caso de los <strong>Sistemas de Recursos Empresariales<\/strong> o<strong> ERPs<\/strong>, que facilitan la administraci\u00f3n de una negocio y que permiten que a la par el motor econ\u00f3mico del sector privado crezca\u201d, comenta Dionisio Castillo, CEO de <strong><a href=\"http:\/\/www.intelisis.com\">Intelisis<\/a><\/strong>, empresa mexicana desarrolladora de software empresarial con m\u00e1s de 30 a\u00f1os.<\/p>\n<p style=\"text-align: justify;\">Por otro lado, el directivo mencion\u00f3 que, adem\u00e1s del acceso a internet en la naci\u00f3n, es fundamental educar al empresario o emprendedor en materia de absorci\u00f3n tecnol\u00f3gica en su organizaci\u00f3n.<\/p>\n<p style=\"text-align: justify;\">Sin embargo, existen falsos mitos que le han adjudicado a las soluciones tecnol\u00f3gicas empresariales, y que a su vez, han inhibido un crecimiento adecuado de las empresas mexicanas, ya que, aunque ahora se adoptan m\u00e1s avances TI, todav\u00eda hay un gran n\u00famero de compa\u00f1\u00edas que temen o desconocen de ciertas plataformas que apoyan la evoluci\u00f3n del sector privado a nivel local y por tanto a nivel macroecon\u00f3mico.<\/p>\n<blockquote><p>El rubro de la \u201cDisponibilidad Tecnol\u00f3gica\u201d mostr\u00f3 un cambio importante y es que, ya es considerado un requerimiento b\u00e1sico para el desarrollo de una econom\u00eda<\/p><\/blockquote>\n<p style=\"text-align: justify;\">De esta manera, Intelisis enumera los mitos que los tomadores de decisiones deben desechar al momento de escuchar de temas de inversi\u00f3n en <a href=\"http:\/\/www.intelisis.com\">ERP<\/a> alg\u00fan otro instrumento de esta \u00edndole:<\/p>\n<p style=\"text-align: justify;\"><strong>1.-<\/strong> <strong>Son muy costosos<\/strong>: Muchos empresarios cotizan precios que no van con las necesidades de su empresa. As\u00ed que, la inversi\u00f3n para un ERP depende del giro y tama\u00f1o de \u00e9sta. Lo que se busca con este tipo de herramientas es ahorrar dinero y ganar productividad, por lo tanto, el trabajo consiste en buscar un traje a la medida de la compa\u00f1\u00eda. Aqu\u00ed, los modelos de renta y adquisici\u00f3n del software juegan un papel muy importante al evaluar una compra.<\/p>\n<p style=\"text-align: justify;\"><strong>2.-\u00a0Si no son extranjeros no sirven<\/strong>: Definitivamente este mito es falso. Los <strong>ERP<\/strong>s extranjeros son muy buenos y cuentan con una gama de servicios muy extensa, no obstante, contratar un instrumento tecnol\u00f3gico nacional trae mejores beneficios, pues existen empresas expertas en el mercado mexicano, es decir, entienden las regulaciones legales y fiscales del pa\u00eds, adem\u00e1s de cotizar en pesos, ventaja ante aquellas incertidumbres sobre el tipo de cambio.<\/p>\n<p style=\"text-align: justify;\"><strong>3.-\u00a0La implementaci\u00f3n es muy tardada<\/strong>: \u00c9sta va a depender del tama\u00f1o de la empresa, sin embargo, la obligaci\u00f3n por parte de un ERP es hacer de este proceso algo muy ligero, lo que hay que tener presente, es recopilar toda aquella informaci\u00f3n que se desee administrar para que no haya \u00a0 problemas al transferir la informaci\u00f3n a la herramienta, es decir, que esta sea ver\u00eddica.<\/p>\n<p style=\"text-align: justify;\"><strong>4.-<\/strong> <strong>Solamente son para empresas grandes:<\/strong> A\u00fan existen empresarios que ata\u00f1en que un ERP solo es para grandes corporativos, sin embargo hay compa\u00f1\u00edas que ofrecen este servicio para PyMes adem\u00e1s de contar con distintas modalidades. En esta era, emprendedores deber\u00edan analizar el uso de estas herramientas, ya que les permitir\u00e1 concentrar sus esfuerzos en cada parte del negocio, sin tener que ocuparse de todo un backoffice.<\/p>\n<p style=\"text-align: justify;\"><strong>5.-<\/strong> <strong>Son muy dif\u00edciles de usar:<\/strong> Realmente hay plataformas muy din\u00e1micas, y esto depender\u00e1 del ofertante de la TIC o ERP. Sin embargo, muchas de ellas est\u00e1n hechas para que el empresario no se complique al operarlas, siempre es v\u00e1lido elegir un proveedor que d\u00e9 seguimiento continuo personalizado as\u00ed como un \u00e1rea de consultor\u00eda que apoyar\u00e1 a tener una evaluaci\u00f3n previa del control de la informaci\u00f3n.<\/p>\n<p style=\"text-align: justify;\">Se trata de hacer crecer a la empresa, y si \u00e9sta cuenta con un correcto manejo interno, tambi\u00e9n lo reflejar\u00e1 con sus clientes, sea cual sea el giro de la misma. Es as\u00ed que, hacer uso de la tecnolog\u00eda se vuelve un desarrollo pr\u00f3spero en la columna empresarial de un pa\u00eds, y que al mismo tiempo, propicia una mejor calidad de vida de quienes lo conforman. Se necesita equipar de la mejor manera a nuestro motor econ\u00f3mico en esta cuarta revoluci\u00f3n tecnol\u00f3gica, \u00bfpor qu\u00e9 no partir de un <strong>ERP<\/strong>?<\/p>\n\n\n<div class=\"kk-star-ratings kksr-auto kksr-align-center kksr-valign-bottom\"\n    data-payload='{&quot;align&quot;:&quot;center&quot;,&quot;id&quot;:&quot;392&quot;,&quot;slug&quot;:&quot;default&quot;,&quot;valign&quot;:&quot;bottom&quot;,&quot;ignore&quot;:&quot;&quot;,&quot;reference&quot;:&quot;auto&quot;,&quot;class&quot;:&quot;&quot;,&quot;count&quot;:&quot;0&quot;,&quot;legendonly&quot;:&quot;&quot;,&quot;readonly&quot;:&quot;&quot;,&quot;score&quot;:&quot;0&quot;,&quot;starsonly&quot;:&quot;&quot;,&quot;best&quot;:&quot;5&quot;,&quot;gap&quot;:&quot;5&quot;,&quot;greet&quot;:&quot;Califica post&quot;,&quot;legend&quot;:&quot;0\\\/5 - (0 votes)&quot;,&quot;size&quot;:&quot;15&quot;,&quot;title&quot;:&quot;Software empresarial mexicano: apoyo a nivel macroecon\u00f3mico&quot;,&quot;width&quot;:&quot;0&quot;,&quot;_legend&quot;:&quot;{score}\\\/{best} - ({count} {votes})&quot;,&quot;font_factor&quot;:&quot;1.25&quot;}'>\n            \n<div class=\"kksr-stars\">\n    \n<div class=\"kksr-stars-inactive\">\n            <div class=\"kksr-star\" data-star=\"1\" style=\"padding-right: 5px\">\n            \n\n<div class=\"kksr-icon\" style=\"width: 15px; height: 15px;\"><\/div>\n        <\/div>\n            <div class=\"kksr-star\" data-star=\"2\" style=\"padding-right: 5px\">\n            \n\n<div class=\"kksr-icon\" style=\"width: 15px; height: 15px;\"><\/div>\n        <\/div>\n            <div class=\"kksr-star\" data-star=\"3\" style=\"padding-right: 5px\">\n            \n\n<div class=\"kksr-icon\" style=\"width: 15px; height: 15px;\"><\/div>\n        <\/div>\n            <div class=\"kksr-star\" data-star=\"4\" style=\"padding-right: 5px\">\n            \n\n<div class=\"kksr-icon\" style=\"width: 15px; height: 15px;\"><\/div>\n        <\/div>\n            <div class=\"kksr-star\" data-star=\"5\" style=\"padding-right: 5px\">\n            \n\n<div class=\"kksr-icon\" style=\"width: 15px; height: 15px;\"><\/div>\n        <\/div>\n    <\/div>\n    \n<div class=\"kksr-stars-active\" style=\"width: 0px;\">\n            <div class=\"kksr-star\" style=\"padding-right: 5px\">\n            \n\n<div class=\"kksr-icon\" style=\"width: 15px; height: 15px;\"><\/div>\n        <\/div>\n            <div class=\"kksr-star\" style=\"padding-right: 5px\">\n            \n\n<div class=\"kksr-icon\" style=\"width: 15px; height: 15px;\"><\/div>\n        <\/div>\n            <div class=\"kksr-star\" style=\"padding-right: 5px\">\n            \n\n<div class=\"kksr-icon\" style=\"width: 15px; height: 15px;\"><\/div>\n        <\/div>\n            <div class=\"kksr-star\" style=\"padding-right: 5px\">\n            \n\n<div class=\"kksr-icon\" style=\"width: 15px; height: 15px;\"><\/div>\n        <\/div>\n            <div class=\"kksr-star\" style=\"padding-right: 5px\">\n            \n\n<div class=\"kksr-icon\" style=\"width: 15px; height: 15px;\"><\/div>\n        <\/div>\n    <\/div>\n<\/div>\n                \n\n<div class=\"kksr-legend\" style=\"font-size: 12px;\">\n            <span class=\"kksr-muted\">Califica post<\/span>\n    <\/div>\n    <\/div>\n","protected":false},"excerpt":{"rendered":"<p>De acuerdo con el Reporte de Competitividad Global de la Secretar\u00eda de Econom\u00eda, con la informaci\u00f3n del WEF, en la nueva metodolog\u00eda para determinar el \u00edndice de competitividad de los pa\u00edses, el rubro de la \u201cDisponibilidad Tecnol\u00f3gica\u201d mostr\u00f3 un cambio importante y es que, ya es considerado un requerimiento b\u00e1sico para el desarrollo de una [&hellip;]<\/p>\n","protected":false},"author":3,"featured_media":395,"comment_status":"open","ping_status":"closed","sticky":false,"template":"","format":"standard","meta":{"footnotes":""},"categories":[1],"tags":[100,13,14,124,40,120],"class_list":["post-392","post","type-post","status-publish","format-standard","has-post-thumbnail","hentry","category-tecnologia","tag-enterprise-resource-planning","tag-erp","tag-intelisis","tag-software-empresarial-mexicano","tag-tecnologias-de-la-informacion","tag-ti"],"aioseo_notices":[],"yoast_head":"<!-- This site is optimized with the Yoast SEO Premium plugin v27.5 (Yoast SEO v27.5) - https:\/\/yoast.com\/product\/yoast-seo-premium-wordpress\/ -->\n<title>Software empresarial mexicano: apoyo a nivel macroecon\u00f3mico - Intelisis Blog<\/title>\n<meta name=\"robots\" content=\"index, follow, max-snippet:-1, max-image-preview:large, max-video-preview:-1\" \/>\n<link rel=\"canonical\" href=\"https:\/\/www.intelisis.com\/blog\/software-empresarial-mexicano-apoyo-a-nivel-macroeconomico\/\" \/>\n<meta property=\"og:locale\" content=\"es_MX\" \/>\n<meta property=\"og:type\" content=\"article\" \/>\n<meta property=\"og:title\" content=\"Software empresarial mexicano: apoyo a nivel macroecon\u00f3mico\" \/>\n<meta property=\"og:description\" content=\"De acuerdo con el Reporte de Competitividad Global de la Secretar\u00eda de Econom\u00eda, con la informaci\u00f3n del WEF, en la nueva metodolog\u00eda para determinar el \u00edndice de competitividad de los pa\u00edses, el rubro de la \u201cDisponibilidad Tecnol\u00f3gica\u201d mostr\u00f3 un cambio importante y es que, ya es considerado un requerimiento b\u00e1sico para el desarrollo de una [&hellip;]\" \/>\n<meta property=\"og:url\" content=\"https:\/\/www.intelisis.com\/blog\/software-empresarial-mexicano-apoyo-a-nivel-macroeconomico\/\" \/>\n<meta property=\"og:site_name\" content=\"Intelisis Blog\" \/>\n<meta property=\"article:publisher\" content=\"https:\/\/www.facebook.com\/Intelisis\/\" \/>\n<meta property=\"article:published_time\" content=\"2018-02-23T18:05:24+00:00\" \/>\n<meta property=\"og:image\" content=\"https:\/\/www.intelisis.com\/blog\/wp-content\/uploads\/2018\/02\/Intelisis_Software_empresarial_mexicano_apoyo_macroecono\u0301mico.jpg\" \/>\n\t<meta property=\"og:image:width\" content=\"1200\" \/>\n\t<meta property=\"og:image:height\" content=\"627\" \/>\n\t<meta property=\"og:image:type\" content=\"image\/jpeg\" \/>\n<meta name=\"author\" content=\"IntelisisMx\" \/>\n<meta name=\"twitter:card\" content=\"summary_large_image\" \/>\n<meta name=\"twitter:creator\" content=\"@IntelisisCorp\" \/>\n<meta name=\"twitter:site\" content=\"@IntelisisCorp\" \/>\n<meta name=\"twitter:label1\" content=\"Escrito por\" \/>\n\t<meta name=\"twitter:data1\" content=\"IntelisisMx\" \/>\n\t<meta name=\"twitter:label2\" content=\"Tiempo de lectura\" \/>\n\t<meta name=\"twitter:data2\" content=\"4 minutos\" \/>\n<script type=\"application\/ld+json\" class=\"yoast-schema-graph\">{\"@context\":\"https:\\\/\\\/schema.org\",\"@graph\":[{\"@type\":\"Article\",\"@id\":\"https:\\\/\\\/www.intelisis.com\\\/blog\\\/software-empresarial-mexicano-apoyo-a-nivel-macroeconomico\\\/#article\",\"isPartOf\":{\"@id\":\"https:\\\/\\\/www.intelisis.com\\\/blog\\\/software-empresarial-mexicano-apoyo-a-nivel-macroeconomico\\\/\"},\"author\":{\"name\":\"IntelisisMx\",\"@id\":\"https:\\\/\\\/www.intelisis.com\\\/blog\\\/#\\\/schema\\\/person\\\/f6b0fe69076f2e97113f967cfc2f385f\"},\"headline\":\"Software empresarial mexicano: apoyo a nivel macroecon\u00f3mico\",\"datePublished\":\"2018-02-23T18:05:24+00:00\",\"mainEntityOfPage\":{\"@id\":\"https:\\\/\\\/www.intelisis.com\\\/blog\\\/software-empresarial-mexicano-apoyo-a-nivel-macroeconomico\\\/\"},\"wordCount\":806,\"commentCount\":0,\"publisher\":{\"@id\":\"https:\\\/\\\/www.intelisis.com\\\/blog\\\/#organization\"},\"image\":{\"@id\":\"https:\\\/\\\/www.intelisis.com\\\/blog\\\/software-empresarial-mexicano-apoyo-a-nivel-macroeconomico\\\/#primaryimage\"},\"thumbnailUrl\":\"https:\\\/\\\/www.intelisis.com\\\/blog\\\/wp-content\\\/uploads\\\/2018\\\/02\\\/Intelisis_Software_empresarial_mexicano_apoyo_macroecono\u0301mico.jpg\",\"keywords\":[\"Enterprise Resource Planning\",\"ERP\",\"Intelisis\",\"Software empresarial mexicano\",\"Tecnolog\u00edas de la Informaci\u00f3n\",\"TI\"],\"articleSection\":[\"Tecnolog\u00eda\"],\"inLanguage\":\"es\",\"potentialAction\":[{\"@type\":\"CommentAction\",\"name\":\"Comment\",\"target\":[\"https:\\\/\\\/www.intelisis.com\\\/blog\\\/software-empresarial-mexicano-apoyo-a-nivel-macroeconomico\\\/#respond\"]}]},{\"@type\":\"WebPage\",\"@id\":\"https:\\\/\\\/www.intelisis.com\\\/blog\\\/software-empresarial-mexicano-apoyo-a-nivel-macroeconomico\\\/\",\"url\":\"https:\\\/\\\/www.intelisis.com\\\/blog\\\/software-empresarial-mexicano-apoyo-a-nivel-macroeconomico\\\/\",\"name\":\"Software empresarial mexicano: apoyo a nivel macroecon\u00f3mico - Intelisis Blog\",\"isPartOf\":{\"@id\":\"https:\\\/\\\/www.intelisis.com\\\/blog\\\/#website\"},\"primaryImageOfPage\":{\"@id\":\"https:\\\/\\\/www.intelisis.com\\\/blog\\\/software-empresarial-mexicano-apoyo-a-nivel-macroeconomico\\\/#primaryimage\"},\"image\":{\"@id\":\"https:\\\/\\\/www.intelisis.com\\\/blog\\\/software-empresarial-mexicano-apoyo-a-nivel-macroeconomico\\\/#primaryimage\"},\"thumbnailUrl\":\"https:\\\/\\\/www.intelisis.com\\\/blog\\\/wp-content\\\/uploads\\\/2018\\\/02\\\/Intelisis_Software_empresarial_mexicano_apoyo_macroecono\u0301mico.jpg\",\"datePublished\":\"2018-02-23T18:05:24+00:00\",\"breadcrumb\":{\"@id\":\"https:\\\/\\\/www.intelisis.com\\\/blog\\\/software-empresarial-mexicano-apoyo-a-nivel-macroeconomico\\\/#breadcrumb\"},\"inLanguage\":\"es\",\"potentialAction\":[{\"@type\":\"ReadAction\",\"target\":[\"https:\\\/\\\/www.intelisis.com\\\/blog\\\/software-empresarial-mexicano-apoyo-a-nivel-macroeconomico\\\/\"]}]},{\"@type\":\"ImageObject\",\"inLanguage\":\"es\",\"@id\":\"https:\\\/\\\/www.intelisis.com\\\/blog\\\/software-empresarial-mexicano-apoyo-a-nivel-macroeconomico\\\/#primaryimage\",\"url\":\"https:\\\/\\\/www.intelisis.com\\\/blog\\\/wp-content\\\/uploads\\\/2018\\\/02\\\/Intelisis_Software_empresarial_mexicano_apoyo_macroecono\u0301mico.jpg\",\"contentUrl\":\"https:\\\/\\\/www.intelisis.com\\\/blog\\\/wp-content\\\/uploads\\\/2018\\\/02\\\/Intelisis_Software_empresarial_mexicano_apoyo_macroecono\u0301mico.jpg\",\"width\":1200,\"height\":627,\"caption\":\"Intelisis_Software_empresarial_mexicano_apoyo_macroecono\u0301mico\"},{\"@type\":\"BreadcrumbList\",\"@id\":\"https:\\\/\\\/www.intelisis.com\\\/blog\\\/software-empresarial-mexicano-apoyo-a-nivel-macroeconomico\\\/#breadcrumb\",\"itemListElement\":[{\"@type\":\"ListItem\",\"position\":1,\"name\":\"Inicio\",\"item\":\"https:\\\/\\\/www.intelisis.com\\\/blog\\\/\"},{\"@type\":\"ListItem\",\"position\":2,\"name\":\"Software empresarial mexicano: apoyo a nivel macroecon\u00f3mico\"}]},{\"@type\":\"WebSite\",\"@id\":\"https:\\\/\\\/www.intelisis.com\\\/blog\\\/#website\",\"url\":\"https:\\\/\\\/www.intelisis.com\\\/blog\\\/\",\"name\":\"Blog Intelisis Software\",\"description\":\"Informaci&oacute;n de valor sobre ERP y tendencias tecnol&oacute;gicas\",\"publisher\":{\"@id\":\"https:\\\/\\\/www.intelisis.com\\\/blog\\\/#organization\"},\"potentialAction\":[{\"@type\":\"SearchAction\",\"target\":{\"@type\":\"EntryPoint\",\"urlTemplate\":\"https:\\\/\\\/www.intelisis.com\\\/blog\\\/?s={search_term_string}\"},\"query-input\":{\"@type\":\"PropertyValueSpecification\",\"valueRequired\":true,\"valueName\":\"search_term_string\"}}],\"inLanguage\":\"es\"},{\"@type\":\"Organization\",\"@id\":\"https:\\\/\\\/www.intelisis.com\\\/blog\\\/#organization\",\"name\":\"Intelisis Software\",\"url\":\"https:\\\/\\\/www.intelisis.com\\\/blog\\\/\",\"logo\":{\"@type\":\"ImageObject\",\"inLanguage\":\"es\",\"@id\":\"https:\\\/\\\/www.intelisis.com\\\/blog\\\/#\\\/schema\\\/logo\\\/image\\\/\",\"url\":\"https:\\\/\\\/www.intelisis.com\\\/blog\\\/wp-content\\\/uploads\\\/2023\\\/08\\\/logo_intelisis_.png\",\"contentUrl\":\"https:\\\/\\\/www.intelisis.com\\\/blog\\\/wp-content\\\/uploads\\\/2023\\\/08\\\/logo_intelisis_.png\",\"width\":1133,\"height\":326,\"caption\":\"Intelisis Software\"},\"image\":{\"@id\":\"https:\\\/\\\/www.intelisis.com\\\/blog\\\/#\\\/schema\\\/logo\\\/image\\\/\"},\"sameAs\":[\"https:\\\/\\\/www.facebook.com\\\/Intelisis\\\/\",\"https:\\\/\\\/x.com\\\/IntelisisCorp\",\"https:\\\/\\\/www.linkedin.com\\\/company\\\/intelisis-sa-de-cv\\\/\",\"https:\\\/\\\/www.youtube.com\\\/channel\\\/UCRFKIq10T-foPWN4hN2Jhrg\"]},{\"@type\":\"Person\",\"@id\":\"https:\\\/\\\/www.intelisis.com\\\/blog\\\/#\\\/schema\\\/person\\\/f6b0fe69076f2e97113f967cfc2f385f\",\"name\":\"IntelisisMx\",\"image\":{\"@type\":\"ImageObject\",\"inLanguage\":\"es\",\"@id\":\"https:\\\/\\\/secure.gravatar.com\\\/avatar\\\/3a62493c8f0a6cbeb44a5e9891b59832a8bb99768ef172a0b427705b1b2c0fb4?s=96&d=mm&r=g\",\"url\":\"https:\\\/\\\/secure.gravatar.com\\\/avatar\\\/3a62493c8f0a6cbeb44a5e9891b59832a8bb99768ef172a0b427705b1b2c0fb4?s=96&d=mm&r=g\",\"contentUrl\":\"https:\\\/\\\/secure.gravatar.com\\\/avatar\\\/3a62493c8f0a6cbeb44a5e9891b59832a8bb99768ef172a0b427705b1b2c0fb4?s=96&d=mm&r=g\",\"caption\":\"IntelisisMx\"}}]}<\/script>\n<!-- \/ Yoast SEO Premium plugin. -->","yoast_head_json":{"title":"Software empresarial mexicano: apoyo a nivel macroecon\u00f3mico - Intelisis Blog","robots":{"index":"index","follow":"follow","max-snippet":"max-snippet:-1","max-image-preview":"max-image-preview:large","max-video-preview":"max-video-preview:-1"},"canonical":"https:\/\/www.intelisis.com\/blog\/software-empresarial-mexicano-apoyo-a-nivel-macroeconomico\/","og_locale":"es_MX","og_type":"article","og_title":"Software empresarial mexicano: apoyo a nivel macroecon\u00f3mico","og_description":"De acuerdo con el Reporte de Competitividad Global de la Secretar\u00eda de Econom\u00eda, con la informaci\u00f3n del WEF, en la nueva metodolog\u00eda para determinar el \u00edndice de competitividad de los pa\u00edses, el rubro de la \u201cDisponibilidad Tecnol\u00f3gica\u201d mostr\u00f3 un cambio importante y es que, ya es considerado un requerimiento b\u00e1sico para el desarrollo de una [&hellip;]","og_url":"https:\/\/www.intelisis.com\/blog\/software-empresarial-mexicano-apoyo-a-nivel-macroeconomico\/","og_site_name":"Intelisis Blog","article_publisher":"https:\/\/www.facebook.com\/Intelisis\/","article_published_time":"2018-02-23T18:05:24+00:00","og_image":[{"width":1200,"height":627,"url":"https:\/\/www.intelisis.com\/blog\/wp-content\/uploads\/2018\/02\/Intelisis_Software_empresarial_mexicano_apoyo_macroecono\u0301mico.jpg","type":"image\/jpeg"}],"author":"IntelisisMx","twitter_card":"summary_large_image","twitter_creator":"@IntelisisCorp","twitter_site":"@IntelisisCorp","twitter_misc":{"Escrito por":"IntelisisMx","Tiempo de lectura":"4 minutos"},"schema":{"@context":"https:\/\/schema.org","@graph":[{"@type":"Article","@id":"https:\/\/www.intelisis.com\/blog\/software-empresarial-mexicano-apoyo-a-nivel-macroeconomico\/#article","isPartOf":{"@id":"https:\/\/www.intelisis.com\/blog\/software-empresarial-mexicano-apoyo-a-nivel-macroeconomico\/"},"author":{"name":"IntelisisMx","@id":"https:\/\/www.intelisis.com\/blog\/#\/schema\/person\/f6b0fe69076f2e97113f967cfc2f385f"},"headline":"Software empresarial mexicano: apoyo a nivel macroecon\u00f3mico","datePublished":"2018-02-23T18:05:24+00:00","mainEntityOfPage":{"@id":"https:\/\/www.intelisis.com\/blog\/software-empresarial-mexicano-apoyo-a-nivel-macroeconomico\/"},"wordCount":806,"commentCount":0,"publisher":{"@id":"https:\/\/www.intelisis.com\/blog\/#organization"},"image":{"@id":"https:\/\/www.intelisis.com\/blog\/software-empresarial-mexicano-apoyo-a-nivel-macroeconomico\/#primaryimage"},"thumbnailUrl":"https:\/\/www.intelisis.com\/blog\/wp-content\/uploads\/2018\/02\/Intelisis_Software_empresarial_mexicano_apoyo_macroecono\u0301mico.jpg","keywords":["Enterprise Resource Planning","ERP","Intelisis","Software empresarial mexicano","Tecnolog\u00edas de la Informaci\u00f3n","TI"],"articleSection":["Tecnolog\u00eda"],"inLanguage":"es","potentialAction":[{"@type":"CommentAction","name":"Comment","target":["https:\/\/www.intelisis.com\/blog\/software-empresarial-mexicano-apoyo-a-nivel-macroeconomico\/#respond"]}]},{"@type":"WebPage","@id":"https:\/\/www.intelisis.com\/blog\/software-empresarial-mexicano-apoyo-a-nivel-macroeconomico\/","url":"https:\/\/www.intelisis.com\/blog\/software-empresarial-mexicano-apoyo-a-nivel-macroeconomico\/","name":"Software empresarial mexicano: apoyo a nivel macroecon\u00f3mico - Intelisis Blog","isPartOf":{"@id":"https:\/\/www.intelisis.com\/blog\/#website"},"primaryImageOfPage":{"@id":"https:\/\/www.intelisis.com\/blog\/software-empresarial-mexicano-apoyo-a-nivel-macroeconomico\/#primaryimage"},"image":{"@id":"https:\/\/www.intelisis.com\/blog\/software-empresarial-mexicano-apoyo-a-nivel-macroeconomico\/#primaryimage"},"thumbnailUrl":"https:\/\/www.intelisis.com\/blog\/wp-content\/uploads\/2018\/02\/Intelisis_Software_empresarial_mexicano_apoyo_macroecono\u0301mico.jpg","datePublished":"2018-02-23T18:05:24+00:00","breadcrumb":{"@id":"https:\/\/www.intelisis.com\/blog\/software-empresarial-mexicano-apoyo-a-nivel-macroeconomico\/#breadcrumb"},"inLanguage":"es","potentialAction":[{"@type":"ReadAction","target":["https:\/\/www.intelisis.com\/blog\/software-empresarial-mexicano-apoyo-a-nivel-macroeconomico\/"]}]},{"@type":"ImageObject","inLanguage":"es","@id":"https:\/\/www.intelisis.com\/blog\/software-empresarial-mexicano-apoyo-a-nivel-macroeconomico\/#primaryimage","url":"https:\/\/www.intelisis.com\/blog\/wp-content\/uploads\/2018\/02\/Intelisis_Software_empresarial_mexicano_apoyo_macroecono\u0301mico.jpg","contentUrl":"https:\/\/www.intelisis.com\/blog\/wp-content\/uploads\/2018\/02\/Intelisis_Software_empresarial_mexicano_apoyo_macroecono\u0301mico.jpg","width":1200,"height":627,"caption":"Intelisis_Software_empresarial_mexicano_apoyo_macroecono\u0301mico"},{"@type":"BreadcrumbList","@id":"https:\/\/www.intelisis.com\/blog\/software-empresarial-mexicano-apoyo-a-nivel-macroeconomico\/#breadcrumb","itemListElement":[{"@type":"ListItem","position":1,"name":"Inicio","item":"https:\/\/www.intelisis.com\/blog\/"},{"@type":"ListItem","position":2,"name":"Software empresarial mexicano: apoyo a nivel macroecon\u00f3mico"}]},{"@type":"WebSite","@id":"https:\/\/www.intelisis.com\/blog\/#website","url":"https:\/\/www.intelisis.com\/blog\/","name":"Blog Intelisis Software","description":"Informaci&oacute;n de valor sobre ERP y tendencias tecnol&oacute;gicas","publisher":{"@id":"https:\/\/www.intelisis.com\/blog\/#organization"},"potentialAction":[{"@type":"SearchAction","target":{"@type":"EntryPoint","urlTemplate":"https:\/\/www.intelisis.com\/blog\/?s={search_term_string}"},"query-input":{"@type":"PropertyValueSpecification","valueRequired":true,"valueName":"search_term_string"}}],"inLanguage":"es"},{"@type":"Organization","@id":"https:\/\/www.intelisis.com\/blog\/#organization","name":"Intelisis Software","url":"https:\/\/www.intelisis.com\/blog\/","logo":{"@type":"ImageObject","inLanguage":"es","@id":"https:\/\/www.intelisis.com\/blog\/#\/schema\/logo\/image\/","url":"https:\/\/www.intelisis.com\/blog\/wp-content\/uploads\/2023\/08\/logo_intelisis_.png","contentUrl":"https:\/\/www.intelisis.com\/blog\/wp-content\/uploads\/2023\/08\/logo_intelisis_.png","width":1133,"height":326,"caption":"Intelisis Software"},"image":{"@id":"https:\/\/www.intelisis.com\/blog\/#\/schema\/logo\/image\/"},"sameAs":["https:\/\/www.facebook.com\/Intelisis\/","https:\/\/x.com\/IntelisisCorp","https:\/\/www.linkedin.com\/company\/intelisis-sa-de-cv\/","https:\/\/www.youtube.com\/channel\/UCRFKIq10T-foPWN4hN2Jhrg"]},{"@type":"Person","@id":"https:\/\/www.intelisis.com\/blog\/#\/schema\/person\/f6b0fe69076f2e97113f967cfc2f385f","name":"IntelisisMx","image":{"@type":"ImageObject","inLanguage":"es","@id":"https:\/\/secure.gravatar.com\/avatar\/3a62493c8f0a6cbeb44a5e9891b59832a8bb99768ef172a0b427705b1b2c0fb4?s=96&d=mm&r=g","url":"https:\/\/secure.gravatar.com\/avatar\/3a62493c8f0a6cbeb44a5e9891b59832a8bb99768ef172a0b427705b1b2c0fb4?s=96&d=mm&r=g","contentUrl":"https:\/\/secure.gravatar.com\/avatar\/3a62493c8f0a6cbeb44a5e9891b59832a8bb99768ef172a0b427705b1b2c0fb4?s=96&d=mm&r=g","caption":"IntelisisMx"}}]}},"amp_enabled":true,"post_mailing_queue_ids":[],"_links":{"self":[{"href":"https:\/\/www.intelisis.com\/blog\/wp-json\/wp\/v2\/posts\/392","targetHints":{"allow":["GET"]}}],"collection":[{"href":"https:\/\/www.intelisis.com\/blog\/wp-json\/wp\/v2\/posts"}],"about":[{"href":"https:\/\/www.intelisis.com\/blog\/wp-json\/wp\/v2\/types\/post"}],"author":[{"embeddable":true,"href":"https:\/\/www.intelisis.com\/blog\/wp-json\/wp\/v2\/users\/3"}],"replies":[{"embeddable":true,"href":"https:\/\/www.intelisis.com\/blog\/wp-json\/wp\/v2\/comments?post=392"}],"version-history":[{"count":4,"href":"https:\/\/www.intelisis.com\/blog\/wp-json\/wp\/v2\/posts\/392\/revisions"}],"predecessor-version":[{"id":2263,"href":"https:\/\/www.intelisis.com\/blog\/wp-json\/wp\/v2\/posts\/392\/revisions\/2263"}],"wp:featuredmedia":[{"embeddable":true,"href":"https:\/\/www.intelisis.com\/blog\/wp-json\/wp\/v2\/media\/395"}],"wp:attachment":[{"href":"https:\/\/www.intelisis.com\/blog\/wp-json\/wp\/v2\/media?parent=392"}],"wp:term":[{"taxonomy":"category","embeddable":true,"href":"https:\/\/www.intelisis.com\/blog\/wp-json\/wp\/v2\/categories?post=392"},{"taxonomy":"post_tag","embeddable":true,"href":"https:\/\/www.intelisis.com\/blog\/wp-json\/wp\/v2\/tags?post=392"}],"curies":[{"name":"wp","href":"https:\/\/api.w.org\/{rel}","templated":true}]}}