{"id":52,"date":"2017-12-07T11:35:45","date_gmt":"2017-12-07T17:35:45","guid":{"rendered":"http:\/\/intelisis.com\/blog\/?p=52"},"modified":"2022-12-22T11:38:19","modified_gmt":"2022-12-22T17:38:19","slug":"redes-sociales-aliado-clave-en-la-transformacion-digital-empresarial","status":"publish","type":"post","link":"https:\/\/www.intelisis.com\/blog\/redes-sociales-aliado-clave-en-la-transformacion-digital-empresarial\/","title":{"rendered":"Redes sociales, aliado clave en la transformaci\u00f3n digital empresarial"},"content":{"rendered":"<p><em>La C\u00e1tedra Covir\u00e1n-Prodware de Estrategia Digital ha realizado una investigaci\u00f3n de Estrategia de Recursos Humanos Digital de la que han sacado interesantes resultados para las empresas.<\/em><\/p>\n<div class=\"_2cuy _3dgx _2vxa\" align=\"justify\">\n<p>El t\u00e9rmino Transformaci\u00f3n Digital, es un concepto referenciado a la aplicaci\u00f3n de herramientas tecnol\u00f3gicas en diferentes \u00e1mbitos comerciales, econ\u00f3micos, sociales, industriales, etc. En general la transformaci\u00f3n digital puede estar dirigido a distintos aspectos de la vida humana.<\/p>\n<\/div>\n<div class=\"_2cuy _3dgx _2vxa\" align=\"justify\">\n<p>En cuesti\u00f3n empresarial, el uso de tecnolog\u00edas de informaci\u00f3n para explotar al m\u00e1ximo la administraci\u00f3n de recursos, procesos y dem\u00e1s actividades propias de una organizaci\u00f3n, esto en busca de una mayor competitividad y rentabilidad en el mercado en el cual se desenvuelvan.<\/p>\n<\/div>\n<div class=\"_2cuy _3dgx _2vxa\" align=\"justify\">Existen distintas herramientas que est\u00e1n involucradas en dichos procesos, entre los m\u00e1s conocidos esta el uso de Inteligencia Artificial, La Realidad Virtual, Internet de las Cosas, Big Data,elementos que si bien sirven para la creaci\u00f3n almacenado y aprovechamiento de informaci\u00f3n, pero existen otras herramientas capaces de crear una relevancia a partir de informaci\u00f3n para la empresas; las redes sociales, que han evolucionado desde los modelos de negocio, hasta la importancia de las estrategias de comunicaci\u00f3n y marketing, esto como arma para mejorar la competitividad en la atenci\u00f3n a los clientes.<\/div>\n<h3 class=\"_2cuy _50a1 _2vxa\">Redes Sociales &amp; TI<\/h3>\n<div class=\"_2cuy _3dgx _2vxa\" align=\"justify\">Seg\u00fan estudios recientes, las empresas con una mayor capacidad para explotar Facebook, Twitter, Instagram, Youtube, Blog, etc, alinean y complementan las estructura de TI al tener un mayor obtenci\u00f3n de informaci\u00f3n del mercado, es de esta manera que optimizando el an\u00e1lisis de datos, es posible proyectar patrones de conductas, preferencias, quejas, todo esto para generar proyectos e ideas de innovaci\u00f3n para la empresa y por ende para el sector.<\/div>\n<blockquote class=\"_2cuy _509u _2vxa\"><p>\u201cLas redes sociales y su anal\u00edtica de datos son dos de los ingredientes claves en la transformaci\u00f3n digital de las compa\u00f1\u00edas\u201d<\/p><\/blockquote>\n<div class=\"_2cuy _3dgx _2vxa\" align=\"justify\">\n<p>Seg\u00fan el estudio realizado por C\u00e1tedra Covir\u00e1n-Prodware de Estrategia Digital, se ha podido comprobar que si bien la aplicaci\u00f3n de tecnolog\u00eda no asegura el crecimiento por si solo, ya que requiere de un programa de evaluaci\u00f3n y adecuaci\u00f3n de oportunidades internas, las empresas que han adoptado en mayor medida estas estrategias tecnol\u00f3gicas, son m\u00e1s capaces de adquirir una mejor visi\u00f3n del mercado y de explotar nuevas alternativas de negocio en comparaci\u00f3n al resto, lo que representa una clara ventaja competitiva. Estos resultados tomaron mayor relevancia al constatar la calidad y cantidad de las patentes solicitadas.<span style=\"font-family: -apple-system, BlinkMacSystemFont, 'Segoe UI', Roboto, Oxygen-Sans, Ubuntu, Cantarell, 'Helvetica Neue', sans-serif;\">\u00a0<\/span><\/p>\n<\/div>\n<div class=\"_2cuy _3dgx _2vxa\" align=\"justify\">La investigaci\u00f3n, que se ha realizado sobre una <span class=\"_4yxo\">muestra de 100 empresas en EE. UU<\/span>, presenta a la capacidad de usar las redes sociales como una capacidad de TI a a\u00f1adir al portafolio de capacidades tecnol\u00f3gicas de las compa\u00f1\u00edas<a href=\"http:\/\/www.computerworld.es\/negocio\/las-redes-sociales-un-ingrediente-clave-en-la-transformacion-digital-de-las-empresas\">*<\/a>.<\/div>\n<h3 class=\"_2cuy _50a1 _2vxa\">El siguiente paso de la evoluci\u00f3n digital.<\/h3>\n<div class=\"_2cuy _3dgx _2vxa\" align=\"justify\">Seg\u00fan el profesor Jos\u00e9 Ben\u00edtez, director de la C\u00e1tedra: \u201cLas redes sociales y su anal\u00edtica de datos son dos de los ingredientes claves en la transformaci\u00f3n digital de las compa\u00f1\u00edas. En este estudio nos hemos centrado en las redes sociales externas. Sobre el 80% de las ideas innovadoras de las compa\u00f1\u00edas m\u00e1s innovadoras del mundo las proporcionan sus empleados. Actualmente estamos estudiando si el uso de las redes sociales corporativas, mejoran el <span class=\"_4yxp\">engagement<\/span> y la aportaci\u00f3n de ideas innovadoras de los empleados.\u201d cit\u00f3<a href=\"http:\/\/www.computerworld.es\/negocio\/las-redes-sociales-un-ingrediente-clave-en-la-transformacion-digital-de-las-empresas\">*<\/a>.<\/div>\n\n\n<div class=\"kk-star-ratings kksr-auto kksr-align-center kksr-valign-bottom\"\n    data-payload='{&quot;align&quot;:&quot;center&quot;,&quot;id&quot;:&quot;52&quot;,&quot;slug&quot;:&quot;default&quot;,&quot;valign&quot;:&quot;bottom&quot;,&quot;ignore&quot;:&quot;&quot;,&quot;reference&quot;:&quot;auto&quot;,&quot;class&quot;:&quot;&quot;,&quot;count&quot;:&quot;0&quot;,&quot;legendonly&quot;:&quot;&quot;,&quot;readonly&quot;:&quot;&quot;,&quot;score&quot;:&quot;0&quot;,&quot;starsonly&quot;:&quot;&quot;,&quot;best&quot;:&quot;5&quot;,&quot;gap&quot;:&quot;5&quot;,&quot;greet&quot;:&quot;Califica post&quot;,&quot;legend&quot;:&quot;0\\\/5 - (0 votes)&quot;,&quot;size&quot;:&quot;15&quot;,&quot;title&quot;:&quot;Redes sociales, aliado clave en la transformaci\u00f3n digital empresarial&quot;,&quot;width&quot;:&quot;0&quot;,&quot;_legend&quot;:&quot;{score}\\\/{best} - ({count} {votes})&quot;,&quot;font_factor&quot;:&quot;1.25&quot;}'>\n            \n<div class=\"kksr-stars\">\n    \n<div class=\"kksr-stars-inactive\">\n            <div class=\"kksr-star\" data-star=\"1\" style=\"padding-right: 5px\">\n            \n\n<div class=\"kksr-icon\" style=\"width: 15px; height: 15px;\"><\/div>\n        <\/div>\n            <div class=\"kksr-star\" data-star=\"2\" style=\"padding-right: 5px\">\n            \n\n<div class=\"kksr-icon\" style=\"width: 15px; height: 15px;\"><\/div>\n        <\/div>\n            <div class=\"kksr-star\" data-star=\"3\" style=\"padding-right: 5px\">\n            \n\n<div class=\"kksr-icon\" style=\"width: 15px; height: 15px;\"><\/div>\n        <\/div>\n            <div class=\"kksr-star\" data-star=\"4\" style=\"padding-right: 5px\">\n            \n\n<div class=\"kksr-icon\" style=\"width: 15px; height: 15px;\"><\/div>\n        <\/div>\n            <div class=\"kksr-star\" data-star=\"5\" style=\"padding-right: 5px\">\n            \n\n<div class=\"kksr-icon\" style=\"width: 15px; height: 15px;\"><\/div>\n        <\/div>\n    <\/div>\n    \n<div class=\"kksr-stars-active\" style=\"width: 0px;\">\n            <div class=\"kksr-star\" style=\"padding-right: 5px\">\n            \n\n<div class=\"kksr-icon\" style=\"width: 15px; height: 15px;\"><\/div>\n        <\/div>\n            <div class=\"kksr-star\" style=\"padding-right: 5px\">\n            \n\n<div class=\"kksr-icon\" style=\"width: 15px; height: 15px;\"><\/div>\n        <\/div>\n            <div class=\"kksr-star\" style=\"padding-right: 5px\">\n            \n\n<div class=\"kksr-icon\" style=\"width: 15px; height: 15px;\"><\/div>\n        <\/div>\n            <div class=\"kksr-star\" style=\"padding-right: 5px\">\n            \n\n<div class=\"kksr-icon\" style=\"width: 15px; height: 15px;\"><\/div>\n        <\/div>\n            <div class=\"kksr-star\" style=\"padding-right: 5px\">\n            \n\n<div class=\"kksr-icon\" style=\"width: 15px; height: 15px;\"><\/div>\n        <\/div>\n    <\/div>\n<\/div>\n                \n\n<div class=\"kksr-legend\" style=\"font-size: 12px;\">\n            <span class=\"kksr-muted\">Califica post<\/span>\n    <\/div>\n    <\/div>\n","protected":false},"excerpt":{"rendered":"<p>La C\u00e1tedra Covir\u00e1n-Prodware de Estrategia Digital ha realizado una investigaci\u00f3n de Estrategia de Recursos Humanos Digital de la que han sacado interesantes resultados para las empresas. El t\u00e9rmino Transformaci\u00f3n Digital, es un concepto referenciado a la aplicaci\u00f3n de herramientas tecnol\u00f3gicas en diferentes \u00e1mbitos comerciales, econ\u00f3micos, sociales, industriales, etc. En general la transformaci\u00f3n digital puede estar [&hellip;]<\/p>\n","protected":false},"author":19,"featured_media":53,"comment_status":"open","ping_status":"closed","sticky":false,"template":"","format":"standard","meta":{"footnotes":""},"categories":[1,751],"tags":[760,35,38,761,39,759,40,41],"class_list":["post-52","post","type-post","status-publish","format-standard","has-post-thumbnail","hentry","category-tecnologia","category-tecnologia-nube","tag-almacenamiento-de-archivos","tag-empresas","tag-redes-sociales","tag-servicios-en-la-nube","tag-social-media","tag-software-remoto","tag-tecnologias-de-la-informacion","tag-transformacion-digital"],"aioseo_notices":[],"yoast_head":"<!-- This site is optimized with the Yoast SEO Premium plugin v27.4 (Yoast SEO v27.5) - https:\/\/yoast.com\/product\/yoast-seo-premium-wordpress\/ -->\n<title>Redes sociales, aliado clave en la transformaci\u00f3n digital empresarial - Intelisis Blog<\/title>\n<meta name=\"robots\" content=\"index, follow, max-snippet:-1, max-image-preview:large, max-video-preview:-1\" \/>\n<link rel=\"canonical\" href=\"https:\/\/www.intelisis.com\/blog\/redes-sociales-aliado-clave-en-la-transformacion-digital-empresarial\/\" \/>\n<meta property=\"og:locale\" content=\"es_MX\" \/>\n<meta property=\"og:type\" content=\"article\" \/>\n<meta property=\"og:title\" content=\"Redes sociales, aliado clave en la transformaci\u00f3n digital empresarial\" \/>\n<meta property=\"og:description\" content=\"La C\u00e1tedra Covir\u00e1n-Prodware de Estrategia Digital ha realizado una investigaci\u00f3n de Estrategia de Recursos Humanos Digital de la que han sacado interesantes resultados para las empresas. El t\u00e9rmino Transformaci\u00f3n Digital, es un concepto referenciado a la aplicaci\u00f3n de herramientas tecnol\u00f3gicas en diferentes \u00e1mbitos comerciales, econ\u00f3micos, sociales, industriales, etc. En general la transformaci\u00f3n digital puede estar [&hellip;]\" \/>\n<meta property=\"og:url\" content=\"https:\/\/www.intelisis.com\/blog\/redes-sociales-aliado-clave-en-la-transformacion-digital-empresarial\/\" \/>\n<meta property=\"og:site_name\" content=\"Intelisis Blog\" \/>\n<meta property=\"article:publisher\" content=\"https:\/\/www.facebook.com\/Intelisis\/\" \/>\n<meta property=\"article:published_time\" content=\"2017-12-07T17:35:45+00:00\" \/>\n<meta property=\"article:modified_time\" content=\"2022-12-22T17:38:19+00:00\" \/>\n<meta property=\"og:image\" content=\"https:\/\/www.intelisis.com\/blog\/wp-content\/uploads\/2017\/12\/Digital_Social_Media.jpg\" \/>\n\t<meta property=\"og:image:width\" content=\"1200\" \/>\n\t<meta property=\"og:image:height\" content=\"627\" \/>\n\t<meta property=\"og:image:type\" content=\"image\/jpeg\" \/>\n<meta name=\"author\" content=\"Intelisis\" \/>\n<meta name=\"twitter:card\" content=\"summary_large_image\" \/>\n<meta name=\"twitter:creator\" content=\"@IntelisisCorp\" \/>\n<meta name=\"twitter:site\" content=\"@IntelisisCorp\" \/>\n<meta name=\"twitter:label1\" content=\"Escrito por\" \/>\n\t<meta name=\"twitter:data1\" content=\"Intelisis\" \/>\n\t<meta name=\"twitter:label2\" content=\"Tiempo de lectura\" \/>\n\t<meta name=\"twitter:data2\" content=\"3 minutos\" \/>\n<script type=\"application\/ld+json\" class=\"yoast-schema-graph\">{\"@context\":\"https:\\\/\\\/schema.org\",\"@graph\":[{\"@type\":\"Article\",\"@id\":\"https:\\\/\\\/www.intelisis.com\\\/blog\\\/redes-sociales-aliado-clave-en-la-transformacion-digital-empresarial\\\/#article\",\"isPartOf\":{\"@id\":\"https:\\\/\\\/www.intelisis.com\\\/blog\\\/redes-sociales-aliado-clave-en-la-transformacion-digital-empresarial\\\/\"},\"author\":{\"name\":\"Intelisis\",\"@id\":\"https:\\\/\\\/www.intelisis.com\\\/blog\\\/#\\\/schema\\\/person\\\/00d44b0c56ac865a77583094112e890b\"},\"headline\":\"Redes sociales, aliado clave en la transformaci\u00f3n digital empresarial\",\"datePublished\":\"2017-12-07T17:35:45+00:00\",\"dateModified\":\"2022-12-22T17:38:19+00:00\",\"mainEntityOfPage\":{\"@id\":\"https:\\\/\\\/www.intelisis.com\\\/blog\\\/redes-sociales-aliado-clave-en-la-transformacion-digital-empresarial\\\/\"},\"wordCount\":578,\"commentCount\":0,\"publisher\":{\"@id\":\"https:\\\/\\\/www.intelisis.com\\\/blog\\\/#organization\"},\"image\":{\"@id\":\"https:\\\/\\\/www.intelisis.com\\\/blog\\\/redes-sociales-aliado-clave-en-la-transformacion-digital-empresarial\\\/#primaryimage\"},\"thumbnailUrl\":\"https:\\\/\\\/www.intelisis.com\\\/blog\\\/wp-content\\\/uploads\\\/2017\\\/12\\\/Digital_Social_Media.jpg\",\"keywords\":[\"Almacenamiento de archivos\",\"Empresas\",\"redes sociales\",\"Servicios en la NUBE\",\"Social Media\",\"Software remoto\",\"Tecnolog\u00edas de la Informaci\u00f3n\",\"Transformaci\u00f3n Digital\"],\"articleSection\":[\"Tecnolog\u00eda\",\"Tecnolog\u00eda en la NUBE\"],\"inLanguage\":\"es\",\"potentialAction\":[{\"@type\":\"CommentAction\",\"name\":\"Comment\",\"target\":[\"https:\\\/\\\/www.intelisis.com\\\/blog\\\/redes-sociales-aliado-clave-en-la-transformacion-digital-empresarial\\\/#respond\"]}]},{\"@type\":\"WebPage\",\"@id\":\"https:\\\/\\\/www.intelisis.com\\\/blog\\\/redes-sociales-aliado-clave-en-la-transformacion-digital-empresarial\\\/\",\"url\":\"https:\\\/\\\/www.intelisis.com\\\/blog\\\/redes-sociales-aliado-clave-en-la-transformacion-digital-empresarial\\\/\",\"name\":\"Redes sociales, aliado clave en la transformaci\u00f3n digital empresarial - Intelisis Blog\",\"isPartOf\":{\"@id\":\"https:\\\/\\\/www.intelisis.com\\\/blog\\\/#website\"},\"primaryImageOfPage\":{\"@id\":\"https:\\\/\\\/www.intelisis.com\\\/blog\\\/redes-sociales-aliado-clave-en-la-transformacion-digital-empresarial\\\/#primaryimage\"},\"image\":{\"@id\":\"https:\\\/\\\/www.intelisis.com\\\/blog\\\/redes-sociales-aliado-clave-en-la-transformacion-digital-empresarial\\\/#primaryimage\"},\"thumbnailUrl\":\"https:\\\/\\\/www.intelisis.com\\\/blog\\\/wp-content\\\/uploads\\\/2017\\\/12\\\/Digital_Social_Media.jpg\",\"datePublished\":\"2017-12-07T17:35:45+00:00\",\"dateModified\":\"2022-12-22T17:38:19+00:00\",\"breadcrumb\":{\"@id\":\"https:\\\/\\\/www.intelisis.com\\\/blog\\\/redes-sociales-aliado-clave-en-la-transformacion-digital-empresarial\\\/#breadcrumb\"},\"inLanguage\":\"es\",\"potentialAction\":[{\"@type\":\"ReadAction\",\"target\":[\"https:\\\/\\\/www.intelisis.com\\\/blog\\\/redes-sociales-aliado-clave-en-la-transformacion-digital-empresarial\\\/\"]}]},{\"@type\":\"ImageObject\",\"inLanguage\":\"es\",\"@id\":\"https:\\\/\\\/www.intelisis.com\\\/blog\\\/redes-sociales-aliado-clave-en-la-transformacion-digital-empresarial\\\/#primaryimage\",\"url\":\"https:\\\/\\\/www.intelisis.com\\\/blog\\\/wp-content\\\/uploads\\\/2017\\\/12\\\/Digital_Social_Media.jpg\",\"contentUrl\":\"https:\\\/\\\/www.intelisis.com\\\/blog\\\/wp-content\\\/uploads\\\/2017\\\/12\\\/Digital_Social_Media.jpg\",\"width\":1200,\"height\":627},{\"@type\":\"BreadcrumbList\",\"@id\":\"https:\\\/\\\/www.intelisis.com\\\/blog\\\/redes-sociales-aliado-clave-en-la-transformacion-digital-empresarial\\\/#breadcrumb\",\"itemListElement\":[{\"@type\":\"ListItem\",\"position\":1,\"name\":\"Inicio\",\"item\":\"https:\\\/\\\/www.intelisis.com\\\/blog\\\/\"},{\"@type\":\"ListItem\",\"position\":2,\"name\":\"Redes sociales, aliado clave en la transformaci\u00f3n digital empresarial\"}]},{\"@type\":\"WebSite\",\"@id\":\"https:\\\/\\\/www.intelisis.com\\\/blog\\\/#website\",\"url\":\"https:\\\/\\\/www.intelisis.com\\\/blog\\\/\",\"name\":\"Blog Intelisis Software\",\"description\":\"Informaci&oacute;n de valor sobre ERP y tendencias tecnol&oacute;gicas\",\"publisher\":{\"@id\":\"https:\\\/\\\/www.intelisis.com\\\/blog\\\/#organization\"},\"potentialAction\":[{\"@type\":\"SearchAction\",\"target\":{\"@type\":\"EntryPoint\",\"urlTemplate\":\"https:\\\/\\\/www.intelisis.com\\\/blog\\\/?s={search_term_string}\"},\"query-input\":{\"@type\":\"PropertyValueSpecification\",\"valueRequired\":true,\"valueName\":\"search_term_string\"}}],\"inLanguage\":\"es\"},{\"@type\":\"Organization\",\"@id\":\"https:\\\/\\\/www.intelisis.com\\\/blog\\\/#organization\",\"name\":\"Intelisis Software\",\"url\":\"https:\\\/\\\/www.intelisis.com\\\/blog\\\/\",\"logo\":{\"@type\":\"ImageObject\",\"inLanguage\":\"es\",\"@id\":\"https:\\\/\\\/www.intelisis.com\\\/blog\\\/#\\\/schema\\\/logo\\\/image\\\/\",\"url\":\"https:\\\/\\\/www.intelisis.com\\\/blog\\\/wp-content\\\/uploads\\\/2023\\\/08\\\/logo_intelisis_.png\",\"contentUrl\":\"https:\\\/\\\/www.intelisis.com\\\/blog\\\/wp-content\\\/uploads\\\/2023\\\/08\\\/logo_intelisis_.png\",\"width\":1133,\"height\":326,\"caption\":\"Intelisis Software\"},\"image\":{\"@id\":\"https:\\\/\\\/www.intelisis.com\\\/blog\\\/#\\\/schema\\\/logo\\\/image\\\/\"},\"sameAs\":[\"https:\\\/\\\/www.facebook.com\\\/Intelisis\\\/\",\"https:\\\/\\\/x.com\\\/IntelisisCorp\",\"https:\\\/\\\/www.linkedin.com\\\/company\\\/intelisis-sa-de-cv\\\/\",\"https:\\\/\\\/www.youtube.com\\\/channel\\\/UCRFKIq10T-foPWN4hN2Jhrg\"]},{\"@type\":\"Person\",\"@id\":\"https:\\\/\\\/www.intelisis.com\\\/blog\\\/#\\\/schema\\\/person\\\/00d44b0c56ac865a77583094112e890b\",\"name\":\"Intelisis\",\"image\":{\"@type\":\"ImageObject\",\"inLanguage\":\"es\",\"@id\":\"https:\\\/\\\/secure.gravatar.com\\\/avatar\\\/9b992b67a8defa2dc50cc9be029a3f9d992af431fb4fa84bdec8767de82fe367?s=96&d=mm&r=g\",\"url\":\"https:\\\/\\\/secure.gravatar.com\\\/avatar\\\/9b992b67a8defa2dc50cc9be029a3f9d992af431fb4fa84bdec8767de82fe367?s=96&d=mm&r=g\",\"contentUrl\":\"https:\\\/\\\/secure.gravatar.com\\\/avatar\\\/9b992b67a8defa2dc50cc9be029a3f9d992af431fb4fa84bdec8767de82fe367?s=96&d=mm&r=g\",\"caption\":\"Intelisis\"},\"sameAs\":[\"https:\\\/\\\/www.intelisis.com\"]}]}<\/script>\n<!-- \/ Yoast SEO Premium plugin. -->","yoast_head_json":{"title":"Redes sociales, aliado clave en la transformaci\u00f3n digital empresarial - Intelisis Blog","robots":{"index":"index","follow":"follow","max-snippet":"max-snippet:-1","max-image-preview":"max-image-preview:large","max-video-preview":"max-video-preview:-1"},"canonical":"https:\/\/www.intelisis.com\/blog\/redes-sociales-aliado-clave-en-la-transformacion-digital-empresarial\/","og_locale":"es_MX","og_type":"article","og_title":"Redes sociales, aliado clave en la transformaci\u00f3n digital empresarial","og_description":"La C\u00e1tedra Covir\u00e1n-Prodware de Estrategia Digital ha realizado una investigaci\u00f3n de Estrategia de Recursos Humanos Digital de la que han sacado interesantes resultados para las empresas. El t\u00e9rmino Transformaci\u00f3n Digital, es un concepto referenciado a la aplicaci\u00f3n de herramientas tecnol\u00f3gicas en diferentes \u00e1mbitos comerciales, econ\u00f3micos, sociales, industriales, etc. En general la transformaci\u00f3n digital puede estar [&hellip;]","og_url":"https:\/\/www.intelisis.com\/blog\/redes-sociales-aliado-clave-en-la-transformacion-digital-empresarial\/","og_site_name":"Intelisis Blog","article_publisher":"https:\/\/www.facebook.com\/Intelisis\/","article_published_time":"2017-12-07T17:35:45+00:00","article_modified_time":"2022-12-22T17:38:19+00:00","og_image":[{"width":1200,"height":627,"url":"https:\/\/www.intelisis.com\/blog\/wp-content\/uploads\/2017\/12\/Digital_Social_Media.jpg","type":"image\/jpeg"}],"author":"Intelisis","twitter_card":"summary_large_image","twitter_creator":"@IntelisisCorp","twitter_site":"@IntelisisCorp","twitter_misc":{"Escrito por":"Intelisis","Tiempo de lectura":"3 minutos"},"schema":{"@context":"https:\/\/schema.org","@graph":[{"@type":"Article","@id":"https:\/\/www.intelisis.com\/blog\/redes-sociales-aliado-clave-en-la-transformacion-digital-empresarial\/#article","isPartOf":{"@id":"https:\/\/www.intelisis.com\/blog\/redes-sociales-aliado-clave-en-la-transformacion-digital-empresarial\/"},"author":{"name":"Intelisis","@id":"https:\/\/www.intelisis.com\/blog\/#\/schema\/person\/00d44b0c56ac865a77583094112e890b"},"headline":"Redes sociales, aliado clave en la transformaci\u00f3n digital empresarial","datePublished":"2017-12-07T17:35:45+00:00","dateModified":"2022-12-22T17:38:19+00:00","mainEntityOfPage":{"@id":"https:\/\/www.intelisis.com\/blog\/redes-sociales-aliado-clave-en-la-transformacion-digital-empresarial\/"},"wordCount":578,"commentCount":0,"publisher":{"@id":"https:\/\/www.intelisis.com\/blog\/#organization"},"image":{"@id":"https:\/\/www.intelisis.com\/blog\/redes-sociales-aliado-clave-en-la-transformacion-digital-empresarial\/#primaryimage"},"thumbnailUrl":"https:\/\/www.intelisis.com\/blog\/wp-content\/uploads\/2017\/12\/Digital_Social_Media.jpg","keywords":["Almacenamiento de archivos","Empresas","redes sociales","Servicios en la NUBE","Social Media","Software remoto","Tecnolog\u00edas de la Informaci\u00f3n","Transformaci\u00f3n Digital"],"articleSection":["Tecnolog\u00eda","Tecnolog\u00eda en la NUBE"],"inLanguage":"es","potentialAction":[{"@type":"CommentAction","name":"Comment","target":["https:\/\/www.intelisis.com\/blog\/redes-sociales-aliado-clave-en-la-transformacion-digital-empresarial\/#respond"]}]},{"@type":"WebPage","@id":"https:\/\/www.intelisis.com\/blog\/redes-sociales-aliado-clave-en-la-transformacion-digital-empresarial\/","url":"https:\/\/www.intelisis.com\/blog\/redes-sociales-aliado-clave-en-la-transformacion-digital-empresarial\/","name":"Redes sociales, aliado clave en la transformaci\u00f3n digital empresarial - Intelisis Blog","isPartOf":{"@id":"https:\/\/www.intelisis.com\/blog\/#website"},"primaryImageOfPage":{"@id":"https:\/\/www.intelisis.com\/blog\/redes-sociales-aliado-clave-en-la-transformacion-digital-empresarial\/#primaryimage"},"image":{"@id":"https:\/\/www.intelisis.com\/blog\/redes-sociales-aliado-clave-en-la-transformacion-digital-empresarial\/#primaryimage"},"thumbnailUrl":"https:\/\/www.intelisis.com\/blog\/wp-content\/uploads\/2017\/12\/Digital_Social_Media.jpg","datePublished":"2017-12-07T17:35:45+00:00","dateModified":"2022-12-22T17:38:19+00:00","breadcrumb":{"@id":"https:\/\/www.intelisis.com\/blog\/redes-sociales-aliado-clave-en-la-transformacion-digital-empresarial\/#breadcrumb"},"inLanguage":"es","potentialAction":[{"@type":"ReadAction","target":["https:\/\/www.intelisis.com\/blog\/redes-sociales-aliado-clave-en-la-transformacion-digital-empresarial\/"]}]},{"@type":"ImageObject","inLanguage":"es","@id":"https:\/\/www.intelisis.com\/blog\/redes-sociales-aliado-clave-en-la-transformacion-digital-empresarial\/#primaryimage","url":"https:\/\/www.intelisis.com\/blog\/wp-content\/uploads\/2017\/12\/Digital_Social_Media.jpg","contentUrl":"https:\/\/www.intelisis.com\/blog\/wp-content\/uploads\/2017\/12\/Digital_Social_Media.jpg","width":1200,"height":627},{"@type":"BreadcrumbList","@id":"https:\/\/www.intelisis.com\/blog\/redes-sociales-aliado-clave-en-la-transformacion-digital-empresarial\/#breadcrumb","itemListElement":[{"@type":"ListItem","position":1,"name":"Inicio","item":"https:\/\/www.intelisis.com\/blog\/"},{"@type":"ListItem","position":2,"name":"Redes sociales, aliado clave en la transformaci\u00f3n digital empresarial"}]},{"@type":"WebSite","@id":"https:\/\/www.intelisis.com\/blog\/#website","url":"https:\/\/www.intelisis.com\/blog\/","name":"Blog Intelisis Software","description":"Informaci&oacute;n de valor sobre ERP y tendencias tecnol&oacute;gicas","publisher":{"@id":"https:\/\/www.intelisis.com\/blog\/#organization"},"potentialAction":[{"@type":"SearchAction","target":{"@type":"EntryPoint","urlTemplate":"https:\/\/www.intelisis.com\/blog\/?s={search_term_string}"},"query-input":{"@type":"PropertyValueSpecification","valueRequired":true,"valueName":"search_term_string"}}],"inLanguage":"es"},{"@type":"Organization","@id":"https:\/\/www.intelisis.com\/blog\/#organization","name":"Intelisis Software","url":"https:\/\/www.intelisis.com\/blog\/","logo":{"@type":"ImageObject","inLanguage":"es","@id":"https:\/\/www.intelisis.com\/blog\/#\/schema\/logo\/image\/","url":"https:\/\/www.intelisis.com\/blog\/wp-content\/uploads\/2023\/08\/logo_intelisis_.png","contentUrl":"https:\/\/www.intelisis.com\/blog\/wp-content\/uploads\/2023\/08\/logo_intelisis_.png","width":1133,"height":326,"caption":"Intelisis Software"},"image":{"@id":"https:\/\/www.intelisis.com\/blog\/#\/schema\/logo\/image\/"},"sameAs":["https:\/\/www.facebook.com\/Intelisis\/","https:\/\/x.com\/IntelisisCorp","https:\/\/www.linkedin.com\/company\/intelisis-sa-de-cv\/","https:\/\/www.youtube.com\/channel\/UCRFKIq10T-foPWN4hN2Jhrg"]},{"@type":"Person","@id":"https:\/\/www.intelisis.com\/blog\/#\/schema\/person\/00d44b0c56ac865a77583094112e890b","name":"Intelisis","image":{"@type":"ImageObject","inLanguage":"es","@id":"https:\/\/secure.gravatar.com\/avatar\/9b992b67a8defa2dc50cc9be029a3f9d992af431fb4fa84bdec8767de82fe367?s=96&d=mm&r=g","url":"https:\/\/secure.gravatar.com\/avatar\/9b992b67a8defa2dc50cc9be029a3f9d992af431fb4fa84bdec8767de82fe367?s=96&d=mm&r=g","contentUrl":"https:\/\/secure.gravatar.com\/avatar\/9b992b67a8defa2dc50cc9be029a3f9d992af431fb4fa84bdec8767de82fe367?s=96&d=mm&r=g","caption":"Intelisis"},"sameAs":["https:\/\/www.intelisis.com"]}]}},"amp_enabled":true,"post_mailing_queue_ids":[],"_links":{"self":[{"href":"https:\/\/www.intelisis.com\/blog\/wp-json\/wp\/v2\/posts\/52","targetHints":{"allow":["GET"]}}],"collection":[{"href":"https:\/\/www.intelisis.com\/blog\/wp-json\/wp\/v2\/posts"}],"about":[{"href":"https:\/\/www.intelisis.com\/blog\/wp-json\/wp\/v2\/types\/post"}],"author":[{"embeddable":true,"href":"https:\/\/www.intelisis.com\/blog\/wp-json\/wp\/v2\/users\/19"}],"replies":[{"embeddable":true,"href":"https:\/\/www.intelisis.com\/blog\/wp-json\/wp\/v2\/comments?post=52"}],"version-history":[{"count":1,"href":"https:\/\/www.intelisis.com\/blog\/wp-json\/wp\/v2\/posts\/52\/revisions"}],"predecessor-version":[{"id":54,"href":"https:\/\/www.intelisis.com\/blog\/wp-json\/wp\/v2\/posts\/52\/revisions\/54"}],"wp:featuredmedia":[{"embeddable":true,"href":"https:\/\/www.intelisis.com\/blog\/wp-json\/wp\/v2\/media\/53"}],"wp:attachment":[{"href":"https:\/\/www.intelisis.com\/blog\/wp-json\/wp\/v2\/media?parent=52"}],"wp:term":[{"taxonomy":"category","embeddable":true,"href":"https:\/\/www.intelisis.com\/blog\/wp-json\/wp\/v2\/categories?post=52"},{"taxonomy":"post_tag","embeddable":true,"href":"https:\/\/www.intelisis.com\/blog\/wp-json\/wp\/v2\/tags?post=52"}],"curies":[{"name":"wp","href":"https:\/\/api.w.org\/{rel}","templated":true}]}}