{"id":5345,"date":"2026-04-28T08:00:00","date_gmt":"2026-04-28T14:00:00","guid":{"rendered":"https:\/\/www.intelisis.com\/blog\/?p=5345"},"modified":"2026-04-28T11:15:23","modified_gmt":"2026-04-28T17:15:23","slug":"brecha-digital","status":"publish","type":"post","link":"https:\/\/www.intelisis.com\/blog\/brecha-digital\/","title":{"rendered":"\u00bfC\u00f3mo cerrar la brecha digital entre estrategia y operaci\u00f3n?"},"content":{"rendered":"\n<p>La <strong>brecha digital<\/strong> entre la planeaci\u00f3n estrat\u00e9gica y la ejecuci\u00f3n operativa es uno de los obst\u00e1culos m\u00e1s complejos que enfrentan las empresas en su camino hacia la modernizaci\u00f3n.<\/p>\n\n\n\n<p>A menudo, las direcciones generales dise\u00f1an hojas de ruta basadas en innovaci\u00f3n. Mientras que el equipo en piso sigue lidiando con procesos manuales, datos fragmentados y herramientas obsoletas.<\/p>\n\n\n\n<p>En el ecosistema de <strong>Intelisis<\/strong>, la verdadera <a href=\"https:\/\/www.intelisis.com\/blog\/8-puntos-a-considerar-antes-de-negarse-a-la-transformacion-digital\/\">transformaci\u00f3n<\/a> no ocurre con la compra de software, sino con la integraci\u00f3n de una plataforma que unifique estas dos dimensiones. Esto permite que la visi\u00f3n de negocio se traduzca en acciones precisas y automatizadas en tiempo real.<\/p>\n\n\n\n<p>Cerrar esta distancia requiere un enfoque sist\u00e9mico que priorice la conectividad de los datos. De acuerdo con diversas estimaciones del sector tecnol\u00f3gico, se proyecta que las empresas que logren una integraci\u00f3n total de sus procesos podr\u00edan experimentar un <strong>incremento en su eficiencia operativa de hasta un 25% para el pr\u00f3ximo a\u00f1o<\/strong>.<\/p>\n\n\n\n<p>No obstante, es fundamental subrayar que estas cifras son proyecciones basadas en modelos de optimizaci\u00f3n y dependen directamente de la capacidad de cada organizaci\u00f3n para adoptar una cultura tecnol\u00f3gica s\u00f3lida.<\/p>\n\n\n\n<p>En este art\u00edculo, analizaremos c\u00f3mo diagnosticar la situaci\u00f3n actual de su empresa y los pasos para convertir la digitalizaci\u00f3n en una ventaja competitiva.<\/p>\n\n\n\n<h2 class=\"wp-block-heading\" id=\"h-como-identificar-el-nivel-de-madurez-digital-real-de-su-organizacion\">\u00bfC\u00f3mo identificar el nivel de madurez digital real de su organizaci\u00f3n?<\/h2>\n\n\n\n<p>Identificar el nivel de madurez digital no consiste \u00fanicamente en inventariar el hardware disponible, sino en evaluar <strong>c\u00f3mo la tecnolog\u00eda influye en la toma de decisiones<\/strong>.<\/p>\n\n\n\n<p>Una organizaci\u00f3n con madurez incipiente suele depender de hojas de c\u00e1lculo aisladas y reportes generados manualmente que llegan a la direcci\u00f3n con d\u00edas de retraso. Por el contrario, una empresa con madurez avanzada utiliza su infraestructura para predecir comportamientos y optimizar recursos antes de que se presenten las crisis.<\/p>\n\n\n\n<p>Para determinar esta posici\u00f3n, se deben analizar tres pilares:<strong> la calidad de la informaci\u00f3n, la agilidad de los procesos y la capacitaci\u00f3n del talento<\/strong>.<\/p>\n\n\n\n<blockquote class=\"wp-block-quote is-layout-flow wp-block-quote-is-layout-flow\">\n<p><strong><em>Elimine la brecha digital unificando sus procesos operativos con una visi\u00f3n estrat\u00e9gica impulsada por Intelisis.<\/em><\/strong><\/p>\n<\/blockquote>\n\n\n\n<p>Si los datos financieros no coinciden con los inventarios f\u00edsicos, existe una desconexi\u00f3n que alimenta la brecha digital. El diagn\u00f3stico debe ser honesto: la madurez real se alcanza cuando la tecnolog\u00eda deja de ser un accesorio y se convierte en el sistema nervioso de la compa\u00f1\u00eda.<\/p>\n\n\n\n<h2 class=\"wp-block-heading\" id=\"h-silos-de-informacion-vs-vision-360-como-unificar-el-lenguaje-de-todas-las-areas\">Silos de informaci\u00f3n vs. Visi\u00f3n 360\u00b0: \u00bfC\u00f3mo unificar el lenguaje de todas las \u00e1reas?<\/h2>\n\n\n<div class=\"wp-block-image\">\n<figure class=\"aligncenter size-full\"><img loading=\"lazy\" decoding=\"async\" width=\"974\" height=\"651\" src=\"https:\/\/www.intelisis.com\/blog\/wp-content\/uploads\/2026\/04\/brecha-digital-unificacion-informacion-empresarial.jpg\" alt=\"Brecha digital y unificaci\u00f3n de la informaci\u00f3n empresarial\" class=\"wp-image-5346\" srcset=\"https:\/\/www.intelisis.com\/blog\/wp-content\/uploads\/2026\/04\/brecha-digital-unificacion-informacion-empresarial.jpg 974w, https:\/\/www.intelisis.com\/blog\/wp-content\/uploads\/2026\/04\/brecha-digital-unificacion-informacion-empresarial-300x201.jpg 300w, https:\/\/www.intelisis.com\/blog\/wp-content\/uploads\/2026\/04\/brecha-digital-unificacion-informacion-empresarial-768x513.jpg 768w, https:\/\/www.intelisis.com\/blog\/wp-content\/uploads\/2026\/04\/brecha-digital-unificacion-informacion-empresarial-500x334.jpg 500w, https:\/\/www.intelisis.com\/blog\/wp-content\/uploads\/2026\/04\/brecha-digital-unificacion-informacion-empresarial-700x468.jpg 700w\" sizes=\"auto, (max-width: 974px) 100vw, 974px\" \/><figcaption class=\"wp-element-caption\">Licencia CCO: Foto de <a href=\"https:\/\/www.freepik.es\/autor\/gpointstudio\">Gpointstudio<\/a> en <a href=\"https:\/\/www.freepik.es\/\">Freepik<\/a><\/figcaption><\/figure>\n<\/div>\n\n\n<p>La existencia de silos de informaci\u00f3n es el s\u00edntoma m\u00e1s evidente de una operaci\u00f3n desconectada.<\/p>\n\n\n\n<p>Cuando el \u00e1rea de ventas promete plazos que producci\u00f3n no puede cumplir, o cuando finanzas desconoce el costo real de un proyecto por falta de registros de almac\u00e9n, la rentabilidad se diluye.<\/p>\n\n\n\n<p>Lograr una visi\u00f3n 360\u00b0 implica que cada departamento hable el mismo lenguaje a trav\u00e9s de una base de datos centralizada.<\/p><div id=\"intel-970214921\" class=\"intel-contenido-4 intel-entity-placement\"><!--noptimize--><img loading=\"lazy\" decoding=\"async\" src=\"https:\/\/www.intelisis.com\/blog\/wp-content\/uploads\/2025\/04\/\u00bfQue-debe-tener-un-ERP-en-2025-La-guia-definitiva-para-optimizar-tu-negocio-CTA-02-min.png\" alt=\"\u00bfQu\u00e9 debe tener un ERP en 2025? La gu\u00eda definitiva para optimizar tu negocio\"  srcset=\"https:\/\/www.intelisis.com\/blog\/wp-content\/uploads\/2025\/04\/\u00bfQue-debe-tener-un-ERP-en-2025-La-guia-definitiva-para-optimizar-tu-negocio-CTA-02-min.png 701w, https:\/\/www.intelisis.com\/blog\/wp-content\/uploads\/2025\/04\/\u00bfQue-debe-tener-un-ERP-en-2025-La-guia-definitiva-para-optimizar-tu-negocio-CTA-02-min-300x116.png 300w, https:\/\/www.intelisis.com\/blog\/wp-content\/uploads\/2025\/04\/\u00bfQue-debe-tener-un-ERP-en-2025-La-guia-definitiva-para-optimizar-tu-negocio-CTA-02-min-500x193.png 500w\" sizes=\"(max-width: 701px) 100vw, 701px\" width=\"701\" height=\"270\"   \/><!--\/noptimize--><\/div>\n\n\n\n<figure class=\"wp-block-table\"><table class=\"has-fixed-layout\"><tbody><tr><td><strong>Beneficio<\/strong><\/td><td><strong>Impacto con Silos (Fragmentado)<\/strong><\/td><td><strong>Impacto con Visi\u00f3n 360\u00b0 (Intelisis ERP 7000)<\/strong><\/td><\/tr><tr><td><strong>Consistencia<\/strong><\/td><td>Datos duplicados o contradictorios.<\/td><td>\u00danica fuente de verdad institucional.<\/td><\/tr><tr><td><strong>Tiempos<\/strong><\/td><td>Consultas lentas entre departamentos.<\/td><td>Flujo de informaci\u00f3n instant\u00e1neo.<\/td><\/tr><tr><td><strong>Costos<\/strong><\/td><td>Gastos ocultos por falta de visibilidad.<\/td><td>Control total del presupuesto y mermas.<\/td><\/tr><tr><td><strong>Estrategia<\/strong><\/td><td>Decisiones basadas en intuici\u00f3n.<\/td><td>Decisiones basadas en evidencia dura.<\/td><\/tr><\/tbody><\/table><\/figure>\n\n\n\n<blockquote class=\"wp-block-quote is-layout-flow wp-block-quote-is-layout-flow\">\n<p><strong><em>Transforme su operaci\u00f3n en una ventaja competitiva cerrando la brecha digital con una infraestructura de datos 360\u00b0.<\/em><\/strong><\/p>\n<\/blockquote>\n\n\n\n<p>Esta unificaci\u00f3n permite que la <a href=\"https:\/\/www.intelisis.com\/blog\/5-factores-a-tomar-en-cuenta-para-tu-estrategia-de-crecimiento\/\">estrategia<\/a> dictada por el Consejo se refleje inmediatamente en los l\u00edmites de compra, los ritmos de producci\u00f3n y las metas de facturaci\u00f3n, eliminando las fricciones que suelen frenar el crecimiento.<\/p>\n\n\n\n<h2 class=\"wp-block-heading\" id=\"h-como-reducir-la-brecha-digital-para-eliminar-la-resistencia-al-cambio-en-el-equipo-operativo\">\u00bfC\u00f3mo reducir la brecha digital para eliminar la resistencia al cambio en el equipo operativo?<\/h2>\n\n\n\n<p>La resistencia al cambio es, fundamentalmente, una respuesta al miedo por la complejidad t\u00e9cnica. Para reducir la brecha digital en el equipo operativo, es necesario <strong>implementar soluciones que simplifiquen el trabajo diario<\/strong> en lugar de a\u00f1adir cargas administrativas.<\/p>\n\n\n\n<p>El personal de piso adoptar\u00e1 la tecnolog\u00eda cuando perciba que esta elimina tareas repetitivas, reduce el margen de error y facilita el cumplimiento de sus objetivos.<\/p>\n\n\n\n<p>La clave reside en la usabilidad y la automatizaci\u00f3n. Al integrar interfaces amigables y bots de respuesta r\u00e1pida, el operador deja de ver al sistema como un ente fiscalizador y comienza a utilizarlo como un asistente.<\/p>\n\n\n\n<blockquote class=\"wp-block-quote is-layout-flow wp-block-quote-is-layout-flow\">\n<p><strong><em>Reduzca la resistencia al cambio y cierre la brecha digital mediante herramientas que simplifican y potencian el trabajo operativo.<\/em><\/strong><\/p>\n<\/blockquote>\n\n\n\n<p>Reducir esta distancia humana es esencial para que la digitalizaci\u00f3n no se quede en el escritorio de la gerencia, sino que se <strong>convierta en la herramienta de ejecuci\u00f3n predilecta en cada rinc\u00f3n de la planta o sucursal<\/strong>.<\/p>\n\n\n\n<h2 class=\"wp-block-heading\" id=\"h-como-intelisis-erp-7000-escala-su-negocio-hacia-la-industria-4-0\">\u00bfC\u00f3mo Intelisis ERP 7000 escala su negocio hacia la industria 4.0?<\/h2>\n\n\n<div class=\"wp-block-image\">\n<figure class=\"aligncenter size-full\"><img loading=\"lazy\" decoding=\"async\" width=\"973\" height=\"653\" src=\"https:\/\/www.intelisis.com\/blog\/wp-content\/uploads\/2026\/04\/brecha-digital-evolucion-empresarial-industria-4.0.jpg\" alt=\"Brecha digital y evoluci\u00f3n empresarial hacia la industria 4.0\" class=\"wp-image-5347\" srcset=\"https:\/\/www.intelisis.com\/blog\/wp-content\/uploads\/2026\/04\/brecha-digital-evolucion-empresarial-industria-4.0.jpg 973w, https:\/\/www.intelisis.com\/blog\/wp-content\/uploads\/2026\/04\/brecha-digital-evolucion-empresarial-industria-4.0-300x201.jpg 300w, https:\/\/www.intelisis.com\/blog\/wp-content\/uploads\/2026\/04\/brecha-digital-evolucion-empresarial-industria-4.0-768x515.jpg 768w, https:\/\/www.intelisis.com\/blog\/wp-content\/uploads\/2026\/04\/brecha-digital-evolucion-empresarial-industria-4.0-500x336.jpg 500w, https:\/\/www.intelisis.com\/blog\/wp-content\/uploads\/2026\/04\/brecha-digital-evolucion-empresarial-industria-4.0-700x470.jpg 700w\" sizes=\"auto, (max-width: 973px) 100vw, 973px\" \/><figcaption class=\"wp-element-caption\">Licencia CCO: Foto de <a href=\"https:\/\/www.freepik.es\/autor\/dcstudio\">Dcstudio<\/a> en <a href=\"https:\/\/www.freepik.es\/\">Freepik<\/a><\/figcaption><\/figure>\n<\/div>\n\n\n<p>La industria 4.0 demanda una conexi\u00f3n total entre el mundo f\u00edsico y el digital. <strong>Intelisis ERP 7000<\/strong> facilita este salto tecnol\u00f3gico al proporcionar una arquitectura <strong>preparada para el Internet de las Cosas (IoT) y la inteligencia de negocios<\/strong>.&nbsp;<\/p>\n\n\n\n<p>Al automatizar la captura de datos desde el origen, la plataforma permite que la ejecuci\u00f3n operativa alimente directamente a los modelos estrat\u00e9gicos de anal\u00edtica predictiva.<\/p>\n\n\n\n<p>Esta capacidad de escalabilidad asegura que la empresa no solo responda al presente, sino que anticipe el futuro.<\/p>\n\n\n\n<p>Seg\u00fan algunas estimaciones de analistas tecnol\u00f3gicos, la adopci\u00f3n de ecosistemas <a href=\"https:\/\/www.intelisis.com\/blog\/erp-tradicional-vs-erp-inteligente\/\">ERP<\/a> avanzados podr\u00eda reducir los costos de mantenimiento preventivo hasta en un 15%. Aunque es vital considerar que estas son <strong>estimaciones sujetas a la correcta implementaci\u00f3n y mantenimiento del sistema<\/strong>.<\/p>\n\n\n\n<p>Al elegir una soluci\u00f3n robusta, la empresa garantiza que su crecimiento no se ver\u00e1 limitado por la infraestructura, sino impulsado por ella.<\/p>\n\n\n\n<h2 class=\"wp-block-heading\" id=\"h-preguntas-frecuentes-faqs\">Preguntas Frecuentes FAQs<\/h2>\n\n\n\n<div class=\"schema-faq wp-block-yoast-faq-block\"><div class=\"schema-faq-section\" id=\"faq-question-1777396335346\"><strong class=\"schema-faq-question\">\u00bfQu\u00e9 indicadores (KPIs) revelan que la brecha digital en mi planta se est\u00e1 reduciendo con \u00e9xito?<\/strong> <p class=\"schema-faq-answer\"><strong>Tiempo de ciclo de decisi\u00f3n.<\/strong> Reducci\u00f3n del tiempo entre la generaci\u00f3n del dato en planta y la acci\u00f3n estrat\u00e9gica en gerencia.<br><strong>Tasa de error manual.<\/strong> Disminuci\u00f3n dr\u00e1stica de re-procesos causados por capturas en papel o Excel.<br><strong>Conformidad del Plan de Producci\u00f3n.<\/strong> Aumento en el porcentaje de \u00f3rdenes cumplidas a tiempo gracias a la visibilidad en tiempo real.<br><strong>Disponibilidad de Informaci\u00f3n.<\/strong> Acceso inmediato a KPIs de rendimiento (OEE) desde cualquier dispositivo sin intervenci\u00f3n humana.<\/p> <\/div> <div class=\"schema-faq-section\" id=\"faq-question-1777396350630\"><strong class=\"schema-faq-question\">\u00bfEs posible cerrar la brecha digital sin detener la operaci\u00f3n diaria de la empresa?<\/strong> <p class=\"schema-faq-answer\">S\u00ed, es posible mediante una implementaci\u00f3n por fases y el acompa\u00f1amiento experto de <strong>Intelisis<\/strong>. El secreto reside en la modularidad de Intelisis <strong>ERP 7000<\/strong>, que permite digitalizar procesos cr\u00edticos de forma gradual.<br>Al establecer un &#8220;entorno espejo&#8221; para pruebas y capacitaci\u00f3n, la empresa asegura que la transici\u00f3n hacia una operaci\u00f3n integrada ocurra sin fricciones, manteniendo la continuidad del negocio mientras se eliminan los silos de informaci\u00f3n.<\/p> <\/div> <div class=\"schema-faq-section\" id=\"faq-question-1777396363732\"><strong class=\"schema-faq-question\">\u00bfC\u00f3mo influye reducir la brecha digital en la capacidad de mi empresa para atraer y retener talento joven?<\/strong> <p class=\"schema-faq-answer\">Las nuevas generaciones de profesionales buscan entornos donde la tecnolog\u00eda facilite el impacto estrat\u00e9gico y no la carga administrativa.<br>Reducir la brecha digital con herramientas modernas como <strong>Intelisis ERP 7000<\/strong> posiciona a la empresa como un empleador innovador. Al ofrecer interfaces intuitivas, movilidad y automatizaci\u00f3n, la organizaci\u00f3n se vuelve atractiva para el talento que desea trabajar en ecosistemas digitales avanzados, aumentando su sentido de pertenencia y productividad.<\/p> <\/div> <\/div>\n\n\n\n<h2 class=\"wp-block-heading\" id=\"h-conclusion\">Conclusi\u00f3n<\/h2>\n\n\n\n<p>Alcanzar la madurez tecnol\u00f3gica implica mucho m\u00e1s que la implementaci\u00f3n de herramientas; es el estado en el que la tecnolog\u00eda y la visi\u00f3n de negocio convergen para <strong>transformar la operaci\u00f3n en una ventaja competitiva sostenible<\/strong>.<\/p>\n\n\n\n<p>Para lograrlo, el proceso requiere la eliminaci\u00f3n de silos mediante una visi\u00f3n 360\u00b0, la reducci\u00f3n sistem\u00e1tica de la brecha digital en el factor humano y la adopci\u00f3n de una infraestructura escalable como la que ofrece<a href=\"https:\/\/www.intelisis.com\/intelisis_erp_7000\"><strong> Intelisis ERP 7000<\/strong><\/a>.<\/p>\n\n\n\n<p>Lo que implica realmente esta transformaci\u00f3n es que la empresa adquiere la capacidad de reaccionar a la velocidad del mercado, fundamentando su estrategia en datos reales y no en suposiciones.<\/p>\n\n\n\n<p>La pregunta para los l\u00edderes hoy no es si deben modernizarse, sino con qu\u00e9 rapidez pueden cerrar la distancia entre lo que planean y lo que ejecutan. La digitalizaci\u00f3n no es un destino final, sino una<strong> ventaja din\u00e1mica que permite a las organizaciones liderar sus industrias en la era del dato<\/strong>.<\/p>\n\n\n\n<p><strong>\u00bfEst\u00e1 su organizaci\u00f3n lista para eliminar la brecha digital y escalar hacia la industria 4.0?<\/strong><\/p>\n\n\n\n<p><a href=\"https:\/\/www.intelisis.com\/contacto\">Cont\u00e1ctenos<\/a> y descubra c\u00f3mo Intelisis ERP 7000 puede integrar su visi\u00f3n con su operaci\u00f3n.<\/p>\n\n\n\n<p><strong>Si le gust\u00f3 este art\u00edculo, quiz\u00e1s tambi\u00e9n le interese:<\/strong><\/p>\n\n\n\n<p><a href=\"https:\/\/www.intelisis.com\/blog\/8-puntos-a-considerar-antes-de-negarse-a-la-transformacion-digital\/\">Transformaci\u00f3n digital en tu empresa este 2026<\/a><\/p>\n\n\n\n<p><a href=\"https:\/\/www.intelisis.com\/blog\/erp-y-transformacion-digital\/\">ERP sin fricciones: transformaci\u00f3n digital en 2026<\/a><\/p>\n\n\n\n<p><a href=\"https:\/\/www.intelisis.com\/blog\/visibilidad-impacto-financiero\/\">El impacto financiero de digitalizar sin visibilidad para el 66% de las empresas<\/a><\/p>\n\n\n<div class=\"kk-star-ratings kksr-auto kksr-align-center kksr-valign-bottom\"\n    data-payload='{&quot;align&quot;:&quot;center&quot;,&quot;id&quot;:&quot;5345&quot;,&quot;slug&quot;:&quot;default&quot;,&quot;valign&quot;:&quot;bottom&quot;,&quot;ignore&quot;:&quot;&quot;,&quot;reference&quot;:&quot;auto&quot;,&quot;class&quot;:&quot;&quot;,&quot;count&quot;:&quot;0&quot;,&quot;legendonly&quot;:&quot;&quot;,&quot;readonly&quot;:&quot;&quot;,&quot;score&quot;:&quot;0&quot;,&quot;starsonly&quot;:&quot;&quot;,&quot;best&quot;:&quot;5&quot;,&quot;gap&quot;:&quot;5&quot;,&quot;greet&quot;:&quot;Califica post&quot;,&quot;legend&quot;:&quot;0\\\/5 - (0 votes)&quot;,&quot;size&quot;:&quot;15&quot;,&quot;title&quot;:&quot;\u00bfC\u00f3mo cerrar la brecha digital entre estrategia y operaci\u00f3n?&quot;,&quot;width&quot;:&quot;0&quot;,&quot;_legend&quot;:&quot;{score}\\\/{best} - ({count} {votes})&quot;,&quot;font_factor&quot;:&quot;1.25&quot;}'>\n            \n<div class=\"kksr-stars\">\n    \n<div class=\"kksr-stars-inactive\">\n            <div class=\"kksr-star\" data-star=\"1\" style=\"padding-right: 5px\">\n            \n\n<div class=\"kksr-icon\" style=\"width: 15px; height: 15px;\"><\/div>\n        <\/div>\n            <div class=\"kksr-star\" data-star=\"2\" style=\"padding-right: 5px\">\n            \n\n<div class=\"kksr-icon\" style=\"width: 15px; height: 15px;\"><\/div>\n        <\/div>\n            <div class=\"kksr-star\" data-star=\"3\" style=\"padding-right: 5px\">\n            \n\n<div class=\"kksr-icon\" style=\"width: 15px; height: 15px;\"><\/div>\n        <\/div>\n            <div class=\"kksr-star\" data-star=\"4\" style=\"padding-right: 5px\">\n            \n\n<div class=\"kksr-icon\" style=\"width: 15px; height: 15px;\"><\/div>\n        <\/div>\n            <div class=\"kksr-star\" data-star=\"5\" style=\"padding-right: 5px\">\n            \n\n<div class=\"kksr-icon\" style=\"width: 15px; height: 15px;\"><\/div>\n        <\/div>\n    <\/div>\n    \n<div class=\"kksr-stars-active\" style=\"width: 0px;\">\n            <div class=\"kksr-star\" style=\"padding-right: 5px\">\n            \n\n<div class=\"kksr-icon\" style=\"width: 15px; height: 15px;\"><\/div>\n        <\/div>\n            <div class=\"kksr-star\" style=\"padding-right: 5px\">\n            \n\n<div class=\"kksr-icon\" style=\"width: 15px; height: 15px;\"><\/div>\n        <\/div>\n            <div class=\"kksr-star\" style=\"padding-right: 5px\">\n            \n\n<div class=\"kksr-icon\" style=\"width: 15px; height: 15px;\"><\/div>\n        <\/div>\n            <div class=\"kksr-star\" style=\"padding-right: 5px\">\n            \n\n<div class=\"kksr-icon\" style=\"width: 15px; height: 15px;\"><\/div>\n        <\/div>\n            <div class=\"kksr-star\" style=\"padding-right: 5px\">\n            \n\n<div class=\"kksr-icon\" style=\"width: 15px; height: 15px;\"><\/div>\n        <\/div>\n    <\/div>\n<\/div>\n                \n\n<div class=\"kksr-legend\" style=\"font-size: 12px;\">\n            <span class=\"kksr-muted\">Califica post<\/span>\n    <\/div>\n    <\/div>\n","protected":false},"excerpt":{"rendered":"<p>La brecha digital entre la planeaci\u00f3n estrat\u00e9gica y la ejecuci\u00f3n operativa es uno de los obst\u00e1culos m\u00e1s complejos que enfrentan las empresas en su camino hacia la modernizaci\u00f3n. A menudo, las direcciones generales dise\u00f1an hojas de ruta basadas en innovaci\u00f3n. Mientras que el equipo en piso sigue lidiando con procesos manuales, datos fragmentados y herramientas [&hellip;]<\/p>\n","protected":false},"author":24,"featured_media":5348,"comment_status":"open","ping_status":"closed","sticky":false,"template":"","format":"standard","meta":{"footnotes":""},"categories":[1],"tags":[3998],"class_list":["post-5345","post","type-post","status-publish","format-standard","has-post-thumbnail","hentry","category-tecnologia","tag-brecha-digital"],"aioseo_notices":[],"yoast_head":"<!-- This site is optimized with the Yoast SEO Premium plugin v27.4 (Yoast SEO v27.5) - https:\/\/yoast.com\/product\/yoast-seo-premium-wordpress\/ -->\n<title>\u00bfC\u00f3mo cerrar la brecha digital entre estrategia y operaci\u00f3n? - Intelisis Blog<\/title>\n<meta name=\"description\" content=\"Aprenda a Cerrar la Brecha Digital en su Empresa. Descubra C\u00f3mo Intelisis ERP 7000 Unifica Estrategia y Operaci\u00f3n para la Industria 4.0.\" \/>\n<meta name=\"robots\" content=\"index, follow, max-snippet:-1, max-image-preview:large, max-video-preview:-1\" \/>\n<link rel=\"canonical\" href=\"https:\/\/www.intelisis.com\/blog\/brecha-digital\/\" \/>\n<meta property=\"og:locale\" content=\"es_MX\" \/>\n<meta property=\"og:type\" content=\"article\" \/>\n<meta property=\"og:title\" content=\"\u00bfC\u00f3mo cerrar la brecha digital entre estrategia y operaci\u00f3n?\" \/>\n<meta property=\"og:description\" content=\"Aprenda a Cerrar la Brecha Digital en su Empresa. Descubra C\u00f3mo Intelisis ERP 7000 Unifica Estrategia y Operaci\u00f3n para la Industria 4.0.\" \/>\n<meta property=\"og:url\" content=\"https:\/\/www.intelisis.com\/blog\/brecha-digital\/\" \/>\n<meta property=\"og:site_name\" content=\"Intelisis Blog\" \/>\n<meta property=\"article:publisher\" content=\"https:\/\/www.facebook.com\/Intelisis\/\" \/>\n<meta property=\"article:published_time\" content=\"2026-04-28T14:00:00+00:00\" \/>\n<meta property=\"article:modified_time\" content=\"2026-04-28T17:15:23+00:00\" \/>\n<meta property=\"og:image\" content=\"https:\/\/www.intelisis.com\/blog\/wp-content\/uploads\/2026\/04\/Screenshot_1.jpg\" \/>\n\t<meta property=\"og:image:width\" content=\"974\" \/>\n\t<meta property=\"og:image:height\" content=\"651\" \/>\n\t<meta property=\"og:image:type\" content=\"image\/jpeg\" \/>\n<meta name=\"author\" content=\"Alejandra Nicolas\" \/>\n<meta name=\"twitter:card\" content=\"summary_large_image\" \/>\n<meta name=\"twitter:creator\" content=\"@IntelisisCorp\" \/>\n<meta name=\"twitter:site\" content=\"@IntelisisCorp\" \/>\n<meta name=\"twitter:label1\" content=\"Escrito por\" \/>\n\t<meta name=\"twitter:data1\" content=\"Alejandra Nicolas\" \/>\n\t<meta name=\"twitter:label2\" content=\"Tiempo de lectura\" \/>\n\t<meta name=\"twitter:data2\" content=\"7 minutos\" \/>\n<script type=\"application\/ld+json\" class=\"yoast-schema-graph\">{\"@context\":\"https:\\\/\\\/schema.org\",\"@graph\":[{\"@type\":\"Article\",\"@id\":\"https:\\\/\\\/www.intelisis.com\\\/blog\\\/brecha-digital\\\/#article\",\"isPartOf\":{\"@id\":\"https:\\\/\\\/www.intelisis.com\\\/blog\\\/brecha-digital\\\/\"},\"author\":{\"name\":\"Alejandra Nicolas\",\"@id\":\"https:\\\/\\\/www.intelisis.com\\\/blog\\\/#\\\/schema\\\/person\\\/260bb30304f2aaaba7bb829d9d67a6be\"},\"headline\":\"\u00bfC\u00f3mo cerrar la brecha digital entre estrategia y operaci\u00f3n?\",\"datePublished\":\"2026-04-28T14:00:00+00:00\",\"dateModified\":\"2026-04-28T17:15:23+00:00\",\"mainEntityOfPage\":{\"@id\":\"https:\\\/\\\/www.intelisis.com\\\/blog\\\/brecha-digital\\\/\"},\"wordCount\":1504,\"commentCount\":0,\"publisher\":{\"@id\":\"https:\\\/\\\/www.intelisis.com\\\/blog\\\/#organization\"},\"image\":{\"@id\":\"https:\\\/\\\/www.intelisis.com\\\/blog\\\/brecha-digital\\\/#primaryimage\"},\"thumbnailUrl\":\"https:\\\/\\\/www.intelisis.com\\\/blog\\\/wp-content\\\/uploads\\\/2026\\\/04\\\/Screenshot_1.jpg\",\"keywords\":[\"brecha digital\"],\"articleSection\":[\"Tecnolog\u00eda\"],\"inLanguage\":\"es\",\"potentialAction\":[{\"@type\":\"CommentAction\",\"name\":\"Comment\",\"target\":[\"https:\\\/\\\/www.intelisis.com\\\/blog\\\/brecha-digital\\\/#respond\"]}]},{\"@type\":[\"WebPage\",\"FAQPage\"],\"@id\":\"https:\\\/\\\/www.intelisis.com\\\/blog\\\/brecha-digital\\\/\",\"url\":\"https:\\\/\\\/www.intelisis.com\\\/blog\\\/brecha-digital\\\/\",\"name\":\"\u00bfC\u00f3mo cerrar la brecha digital entre estrategia y operaci\u00f3n? - Intelisis Blog\",\"isPartOf\":{\"@id\":\"https:\\\/\\\/www.intelisis.com\\\/blog\\\/#website\"},\"primaryImageOfPage\":{\"@id\":\"https:\\\/\\\/www.intelisis.com\\\/blog\\\/brecha-digital\\\/#primaryimage\"},\"image\":{\"@id\":\"https:\\\/\\\/www.intelisis.com\\\/blog\\\/brecha-digital\\\/#primaryimage\"},\"thumbnailUrl\":\"https:\\\/\\\/www.intelisis.com\\\/blog\\\/wp-content\\\/uploads\\\/2026\\\/04\\\/Screenshot_1.jpg\",\"datePublished\":\"2026-04-28T14:00:00+00:00\",\"dateModified\":\"2026-04-28T17:15:23+00:00\",\"description\":\"Aprenda a Cerrar la Brecha Digital en su Empresa. Descubra C\u00f3mo Intelisis ERP 7000 Unifica Estrategia y Operaci\u00f3n para la Industria 4.0.\",\"breadcrumb\":{\"@id\":\"https:\\\/\\\/www.intelisis.com\\\/blog\\\/brecha-digital\\\/#breadcrumb\"},\"mainEntity\":[{\"@id\":\"https:\\\/\\\/www.intelisis.com\\\/blog\\\/brecha-digital\\\/#faq-question-1777396335346\"},{\"@id\":\"https:\\\/\\\/www.intelisis.com\\\/blog\\\/brecha-digital\\\/#faq-question-1777396350630\"},{\"@id\":\"https:\\\/\\\/www.intelisis.com\\\/blog\\\/brecha-digital\\\/#faq-question-1777396363732\"}],\"inLanguage\":\"es\",\"potentialAction\":[{\"@type\":\"ReadAction\",\"target\":[\"https:\\\/\\\/www.intelisis.com\\\/blog\\\/brecha-digital\\\/\"]}]},{\"@type\":\"ImageObject\",\"inLanguage\":\"es\",\"@id\":\"https:\\\/\\\/www.intelisis.com\\\/blog\\\/brecha-digital\\\/#primaryimage\",\"url\":\"https:\\\/\\\/www.intelisis.com\\\/blog\\\/wp-content\\\/uploads\\\/2026\\\/04\\\/Screenshot_1.jpg\",\"contentUrl\":\"https:\\\/\\\/www.intelisis.com\\\/blog\\\/wp-content\\\/uploads\\\/2026\\\/04\\\/Screenshot_1.jpg\",\"width\":974,\"height\":651,\"caption\":\"Brecha digital entre estrategia empresarial y operaci\u00f3n tecnol\u00f3gica\"},{\"@type\":\"BreadcrumbList\",\"@id\":\"https:\\\/\\\/www.intelisis.com\\\/blog\\\/brecha-digital\\\/#breadcrumb\",\"itemListElement\":[{\"@type\":\"ListItem\",\"position\":1,\"name\":\"Inicio\",\"item\":\"https:\\\/\\\/www.intelisis.com\\\/blog\\\/\"},{\"@type\":\"ListItem\",\"position\":2,\"name\":\"\u00bfC\u00f3mo cerrar la brecha digital entre estrategia y operaci\u00f3n?\"}]},{\"@type\":\"WebSite\",\"@id\":\"https:\\\/\\\/www.intelisis.com\\\/blog\\\/#website\",\"url\":\"https:\\\/\\\/www.intelisis.com\\\/blog\\\/\",\"name\":\"Blog Intelisis Software\",\"description\":\"Informaci&oacute;n de valor sobre ERP y tendencias tecnol&oacute;gicas\",\"publisher\":{\"@id\":\"https:\\\/\\\/www.intelisis.com\\\/blog\\\/#organization\"},\"potentialAction\":[{\"@type\":\"SearchAction\",\"target\":{\"@type\":\"EntryPoint\",\"urlTemplate\":\"https:\\\/\\\/www.intelisis.com\\\/blog\\\/?s={search_term_string}\"},\"query-input\":{\"@type\":\"PropertyValueSpecification\",\"valueRequired\":true,\"valueName\":\"search_term_string\"}}],\"inLanguage\":\"es\"},{\"@type\":\"Organization\",\"@id\":\"https:\\\/\\\/www.intelisis.com\\\/blog\\\/#organization\",\"name\":\"Intelisis Software\",\"url\":\"https:\\\/\\\/www.intelisis.com\\\/blog\\\/\",\"logo\":{\"@type\":\"ImageObject\",\"inLanguage\":\"es\",\"@id\":\"https:\\\/\\\/www.intelisis.com\\\/blog\\\/#\\\/schema\\\/logo\\\/image\\\/\",\"url\":\"https:\\\/\\\/www.intelisis.com\\\/blog\\\/wp-content\\\/uploads\\\/2023\\\/08\\\/logo_intelisis_.png\",\"contentUrl\":\"https:\\\/\\\/www.intelisis.com\\\/blog\\\/wp-content\\\/uploads\\\/2023\\\/08\\\/logo_intelisis_.png\",\"width\":1133,\"height\":326,\"caption\":\"Intelisis Software\"},\"image\":{\"@id\":\"https:\\\/\\\/www.intelisis.com\\\/blog\\\/#\\\/schema\\\/logo\\\/image\\\/\"},\"sameAs\":[\"https:\\\/\\\/www.facebook.com\\\/Intelisis\\\/\",\"https:\\\/\\\/x.com\\\/IntelisisCorp\",\"https:\\\/\\\/www.linkedin.com\\\/company\\\/intelisis-sa-de-cv\\\/\",\"https:\\\/\\\/www.youtube.com\\\/channel\\\/UCRFKIq10T-foPWN4hN2Jhrg\"]},{\"@type\":\"Person\",\"@id\":\"https:\\\/\\\/www.intelisis.com\\\/blog\\\/#\\\/schema\\\/person\\\/260bb30304f2aaaba7bb829d9d67a6be\",\"name\":\"Alejandra Nicolas\",\"image\":{\"@type\":\"ImageObject\",\"inLanguage\":\"es\",\"@id\":\"https:\\\/\\\/secure.gravatar.com\\\/avatar\\\/d45e222558a17cefce3a87d2034517ac81cbb4fd1cc129e1bf1d88970533d4d9?s=96&d=mm&r=g\",\"url\":\"https:\\\/\\\/secure.gravatar.com\\\/avatar\\\/d45e222558a17cefce3a87d2034517ac81cbb4fd1cc129e1bf1d88970533d4d9?s=96&d=mm&r=g\",\"contentUrl\":\"https:\\\/\\\/secure.gravatar.com\\\/avatar\\\/d45e222558a17cefce3a87d2034517ac81cbb4fd1cc129e1bf1d88970533d4d9?s=96&d=mm&r=g\",\"caption\":\"Alejandra Nicolas\"}},{\"@type\":\"Question\",\"@id\":\"https:\\\/\\\/www.intelisis.com\\\/blog\\\/brecha-digital\\\/#faq-question-1777396335346\",\"position\":1,\"url\":\"https:\\\/\\\/www.intelisis.com\\\/blog\\\/brecha-digital\\\/#faq-question-1777396335346\",\"name\":\"\u00bfQu\u00e9 indicadores (KPIs) revelan que la brecha digital en mi planta se est\u00e1 reduciendo con \u00e9xito?\",\"answerCount\":1,\"acceptedAnswer\":{\"@type\":\"Answer\",\"text\":\"<strong>Tiempo de ciclo de decisi\u00f3n.<\\\/strong> Reducci\u00f3n del tiempo entre la generaci\u00f3n del dato en planta y la acci\u00f3n estrat\u00e9gica en gerencia.<br><strong>Tasa de error manual.<\\\/strong> Disminuci\u00f3n dr\u00e1stica de re-procesos causados por capturas en papel o Excel.<br><strong>Conformidad del Plan de Producci\u00f3n.<\\\/strong> Aumento en el porcentaje de \u00f3rdenes cumplidas a tiempo gracias a la visibilidad en tiempo real.<br><strong>Disponibilidad de Informaci\u00f3n.<\\\/strong> Acceso inmediato a KPIs de rendimiento (OEE) desde cualquier dispositivo sin intervenci\u00f3n humana.\",\"inLanguage\":\"es\"},\"inLanguage\":\"es\"},{\"@type\":\"Question\",\"@id\":\"https:\\\/\\\/www.intelisis.com\\\/blog\\\/brecha-digital\\\/#faq-question-1777396350630\",\"position\":2,\"url\":\"https:\\\/\\\/www.intelisis.com\\\/blog\\\/brecha-digital\\\/#faq-question-1777396350630\",\"name\":\"\u00bfEs posible cerrar la brecha digital sin detener la operaci\u00f3n diaria de la empresa?\",\"answerCount\":1,\"acceptedAnswer\":{\"@type\":\"Answer\",\"text\":\"S\u00ed, es posible mediante una implementaci\u00f3n por fases y el acompa\u00f1amiento experto de <strong>Intelisis<\\\/strong>. El secreto reside en la modularidad de Intelisis <strong>ERP 7000<\\\/strong>, que permite digitalizar procesos cr\u00edticos de forma gradual.<br>Al establecer un \\\"entorno espejo\\\" para pruebas y capacitaci\u00f3n, la empresa asegura que la transici\u00f3n hacia una operaci\u00f3n integrada ocurra sin fricciones, manteniendo la continuidad del negocio mientras se eliminan los silos de informaci\u00f3n.\",\"inLanguage\":\"es\"},\"inLanguage\":\"es\"},{\"@type\":\"Question\",\"@id\":\"https:\\\/\\\/www.intelisis.com\\\/blog\\\/brecha-digital\\\/#faq-question-1777396363732\",\"position\":3,\"url\":\"https:\\\/\\\/www.intelisis.com\\\/blog\\\/brecha-digital\\\/#faq-question-1777396363732\",\"name\":\"\u00bfC\u00f3mo influye reducir la brecha digital en la capacidad de mi empresa para atraer y retener talento joven?\",\"answerCount\":1,\"acceptedAnswer\":{\"@type\":\"Answer\",\"text\":\"Las nuevas generaciones de profesionales buscan entornos donde la tecnolog\u00eda facilite el impacto estrat\u00e9gico y no la carga administrativa.<br>Reducir la brecha digital con herramientas modernas como <strong>Intelisis ERP 7000<\\\/strong> posiciona a la empresa como un empleador innovador. Al ofrecer interfaces intuitivas, movilidad y automatizaci\u00f3n, la organizaci\u00f3n se vuelve atractiva para el talento que desea trabajar en ecosistemas digitales avanzados, aumentando su sentido de pertenencia y productividad.\",\"inLanguage\":\"es\"},\"inLanguage\":\"es\"}]}<\/script>\n<!-- \/ Yoast SEO Premium plugin. -->","yoast_head_json":{"title":"\u00bfC\u00f3mo cerrar la brecha digital entre estrategia y operaci\u00f3n? - Intelisis Blog","description":"Aprenda a Cerrar la Brecha Digital en su Empresa. Descubra C\u00f3mo Intelisis ERP 7000 Unifica Estrategia y Operaci\u00f3n para la Industria 4.0.","robots":{"index":"index","follow":"follow","max-snippet":"max-snippet:-1","max-image-preview":"max-image-preview:large","max-video-preview":"max-video-preview:-1"},"canonical":"https:\/\/www.intelisis.com\/blog\/brecha-digital\/","og_locale":"es_MX","og_type":"article","og_title":"\u00bfC\u00f3mo cerrar la brecha digital entre estrategia y operaci\u00f3n?","og_description":"Aprenda a Cerrar la Brecha Digital en su Empresa. Descubra C\u00f3mo Intelisis ERP 7000 Unifica Estrategia y Operaci\u00f3n para la Industria 4.0.","og_url":"https:\/\/www.intelisis.com\/blog\/brecha-digital\/","og_site_name":"Intelisis Blog","article_publisher":"https:\/\/www.facebook.com\/Intelisis\/","article_published_time":"2026-04-28T14:00:00+00:00","article_modified_time":"2026-04-28T17:15:23+00:00","og_image":[{"width":974,"height":651,"url":"https:\/\/www.intelisis.com\/blog\/wp-content\/uploads\/2026\/04\/Screenshot_1.jpg","type":"image\/jpeg"}],"author":"Alejandra Nicolas","twitter_card":"summary_large_image","twitter_creator":"@IntelisisCorp","twitter_site":"@IntelisisCorp","twitter_misc":{"Escrito por":"Alejandra Nicolas","Tiempo de lectura":"7 minutos"},"schema":{"@context":"https:\/\/schema.org","@graph":[{"@type":"Article","@id":"https:\/\/www.intelisis.com\/blog\/brecha-digital\/#article","isPartOf":{"@id":"https:\/\/www.intelisis.com\/blog\/brecha-digital\/"},"author":{"name":"Alejandra Nicolas","@id":"https:\/\/www.intelisis.com\/blog\/#\/schema\/person\/260bb30304f2aaaba7bb829d9d67a6be"},"headline":"\u00bfC\u00f3mo cerrar la brecha digital entre estrategia y operaci\u00f3n?","datePublished":"2026-04-28T14:00:00+00:00","dateModified":"2026-04-28T17:15:23+00:00","mainEntityOfPage":{"@id":"https:\/\/www.intelisis.com\/blog\/brecha-digital\/"},"wordCount":1504,"commentCount":0,"publisher":{"@id":"https:\/\/www.intelisis.com\/blog\/#organization"},"image":{"@id":"https:\/\/www.intelisis.com\/blog\/brecha-digital\/#primaryimage"},"thumbnailUrl":"https:\/\/www.intelisis.com\/blog\/wp-content\/uploads\/2026\/04\/Screenshot_1.jpg","keywords":["brecha digital"],"articleSection":["Tecnolog\u00eda"],"inLanguage":"es","potentialAction":[{"@type":"CommentAction","name":"Comment","target":["https:\/\/www.intelisis.com\/blog\/brecha-digital\/#respond"]}]},{"@type":["WebPage","FAQPage"],"@id":"https:\/\/www.intelisis.com\/blog\/brecha-digital\/","url":"https:\/\/www.intelisis.com\/blog\/brecha-digital\/","name":"\u00bfC\u00f3mo cerrar la brecha digital entre estrategia y operaci\u00f3n? - Intelisis Blog","isPartOf":{"@id":"https:\/\/www.intelisis.com\/blog\/#website"},"primaryImageOfPage":{"@id":"https:\/\/www.intelisis.com\/blog\/brecha-digital\/#primaryimage"},"image":{"@id":"https:\/\/www.intelisis.com\/blog\/brecha-digital\/#primaryimage"},"thumbnailUrl":"https:\/\/www.intelisis.com\/blog\/wp-content\/uploads\/2026\/04\/Screenshot_1.jpg","datePublished":"2026-04-28T14:00:00+00:00","dateModified":"2026-04-28T17:15:23+00:00","description":"Aprenda a Cerrar la Brecha Digital en su Empresa. Descubra C\u00f3mo Intelisis ERP 7000 Unifica Estrategia y Operaci\u00f3n para la Industria 4.0.","breadcrumb":{"@id":"https:\/\/www.intelisis.com\/blog\/brecha-digital\/#breadcrumb"},"mainEntity":[{"@id":"https:\/\/www.intelisis.com\/blog\/brecha-digital\/#faq-question-1777396335346"},{"@id":"https:\/\/www.intelisis.com\/blog\/brecha-digital\/#faq-question-1777396350630"},{"@id":"https:\/\/www.intelisis.com\/blog\/brecha-digital\/#faq-question-1777396363732"}],"inLanguage":"es","potentialAction":[{"@type":"ReadAction","target":["https:\/\/www.intelisis.com\/blog\/brecha-digital\/"]}]},{"@type":"ImageObject","inLanguage":"es","@id":"https:\/\/www.intelisis.com\/blog\/brecha-digital\/#primaryimage","url":"https:\/\/www.intelisis.com\/blog\/wp-content\/uploads\/2026\/04\/Screenshot_1.jpg","contentUrl":"https:\/\/www.intelisis.com\/blog\/wp-content\/uploads\/2026\/04\/Screenshot_1.jpg","width":974,"height":651,"caption":"Brecha digital entre estrategia empresarial y operaci\u00f3n tecnol\u00f3gica"},{"@type":"BreadcrumbList","@id":"https:\/\/www.intelisis.com\/blog\/brecha-digital\/#breadcrumb","itemListElement":[{"@type":"ListItem","position":1,"name":"Inicio","item":"https:\/\/www.intelisis.com\/blog\/"},{"@type":"ListItem","position":2,"name":"\u00bfC\u00f3mo cerrar la brecha digital entre estrategia y operaci\u00f3n?"}]},{"@type":"WebSite","@id":"https:\/\/www.intelisis.com\/blog\/#website","url":"https:\/\/www.intelisis.com\/blog\/","name":"Blog Intelisis Software","description":"Informaci&oacute;n de valor sobre ERP y tendencias tecnol&oacute;gicas","publisher":{"@id":"https:\/\/www.intelisis.com\/blog\/#organization"},"potentialAction":[{"@type":"SearchAction","target":{"@type":"EntryPoint","urlTemplate":"https:\/\/www.intelisis.com\/blog\/?s={search_term_string}"},"query-input":{"@type":"PropertyValueSpecification","valueRequired":true,"valueName":"search_term_string"}}],"inLanguage":"es"},{"@type":"Organization","@id":"https:\/\/www.intelisis.com\/blog\/#organization","name":"Intelisis Software","url":"https:\/\/www.intelisis.com\/blog\/","logo":{"@type":"ImageObject","inLanguage":"es","@id":"https:\/\/www.intelisis.com\/blog\/#\/schema\/logo\/image\/","url":"https:\/\/www.intelisis.com\/blog\/wp-content\/uploads\/2023\/08\/logo_intelisis_.png","contentUrl":"https:\/\/www.intelisis.com\/blog\/wp-content\/uploads\/2023\/08\/logo_intelisis_.png","width":1133,"height":326,"caption":"Intelisis Software"},"image":{"@id":"https:\/\/www.intelisis.com\/blog\/#\/schema\/logo\/image\/"},"sameAs":["https:\/\/www.facebook.com\/Intelisis\/","https:\/\/x.com\/IntelisisCorp","https:\/\/www.linkedin.com\/company\/intelisis-sa-de-cv\/","https:\/\/www.youtube.com\/channel\/UCRFKIq10T-foPWN4hN2Jhrg"]},{"@type":"Person","@id":"https:\/\/www.intelisis.com\/blog\/#\/schema\/person\/260bb30304f2aaaba7bb829d9d67a6be","name":"Alejandra Nicolas","image":{"@type":"ImageObject","inLanguage":"es","@id":"https:\/\/secure.gravatar.com\/avatar\/d45e222558a17cefce3a87d2034517ac81cbb4fd1cc129e1bf1d88970533d4d9?s=96&d=mm&r=g","url":"https:\/\/secure.gravatar.com\/avatar\/d45e222558a17cefce3a87d2034517ac81cbb4fd1cc129e1bf1d88970533d4d9?s=96&d=mm&r=g","contentUrl":"https:\/\/secure.gravatar.com\/avatar\/d45e222558a17cefce3a87d2034517ac81cbb4fd1cc129e1bf1d88970533d4d9?s=96&d=mm&r=g","caption":"Alejandra Nicolas"}},{"@type":"Question","@id":"https:\/\/www.intelisis.com\/blog\/brecha-digital\/#faq-question-1777396335346","position":1,"url":"https:\/\/www.intelisis.com\/blog\/brecha-digital\/#faq-question-1777396335346","name":"\u00bfQu\u00e9 indicadores (KPIs) revelan que la brecha digital en mi planta se est\u00e1 reduciendo con \u00e9xito?","answerCount":1,"acceptedAnswer":{"@type":"Answer","text":"<strong>Tiempo de ciclo de decisi\u00f3n.<\/strong> Reducci\u00f3n del tiempo entre la generaci\u00f3n del dato en planta y la acci\u00f3n estrat\u00e9gica en gerencia.<br><strong>Tasa de error manual.<\/strong> Disminuci\u00f3n dr\u00e1stica de re-procesos causados por capturas en papel o Excel.<br><strong>Conformidad del Plan de Producci\u00f3n.<\/strong> Aumento en el porcentaje de \u00f3rdenes cumplidas a tiempo gracias a la visibilidad en tiempo real.<br><strong>Disponibilidad de Informaci\u00f3n.<\/strong> Acceso inmediato a KPIs de rendimiento (OEE) desde cualquier dispositivo sin intervenci\u00f3n humana.","inLanguage":"es"},"inLanguage":"es"},{"@type":"Question","@id":"https:\/\/www.intelisis.com\/blog\/brecha-digital\/#faq-question-1777396350630","position":2,"url":"https:\/\/www.intelisis.com\/blog\/brecha-digital\/#faq-question-1777396350630","name":"\u00bfEs posible cerrar la brecha digital sin detener la operaci\u00f3n diaria de la empresa?","answerCount":1,"acceptedAnswer":{"@type":"Answer","text":"S\u00ed, es posible mediante una implementaci\u00f3n por fases y el acompa\u00f1amiento experto de <strong>Intelisis<\/strong>. El secreto reside en la modularidad de Intelisis <strong>ERP 7000<\/strong>, que permite digitalizar procesos cr\u00edticos de forma gradual.<br>Al establecer un \"entorno espejo\" para pruebas y capacitaci\u00f3n, la empresa asegura que la transici\u00f3n hacia una operaci\u00f3n integrada ocurra sin fricciones, manteniendo la continuidad del negocio mientras se eliminan los silos de informaci\u00f3n.","inLanguage":"es"},"inLanguage":"es"},{"@type":"Question","@id":"https:\/\/www.intelisis.com\/blog\/brecha-digital\/#faq-question-1777396363732","position":3,"url":"https:\/\/www.intelisis.com\/blog\/brecha-digital\/#faq-question-1777396363732","name":"\u00bfC\u00f3mo influye reducir la brecha digital en la capacidad de mi empresa para atraer y retener talento joven?","answerCount":1,"acceptedAnswer":{"@type":"Answer","text":"Las nuevas generaciones de profesionales buscan entornos donde la tecnolog\u00eda facilite el impacto estrat\u00e9gico y no la carga administrativa.<br>Reducir la brecha digital con herramientas modernas como <strong>Intelisis ERP 7000<\/strong> posiciona a la empresa como un empleador innovador. Al ofrecer interfaces intuitivas, movilidad y automatizaci\u00f3n, la organizaci\u00f3n se vuelve atractiva para el talento que desea trabajar en ecosistemas digitales avanzados, aumentando su sentido de pertenencia y productividad.","inLanguage":"es"},"inLanguage":"es"}]}},"amp_enabled":true,"post_mailing_queue_ids":[],"_links":{"self":[{"href":"https:\/\/www.intelisis.com\/blog\/wp-json\/wp\/v2\/posts\/5345","targetHints":{"allow":["GET"]}}],"collection":[{"href":"https:\/\/www.intelisis.com\/blog\/wp-json\/wp\/v2\/posts"}],"about":[{"href":"https:\/\/www.intelisis.com\/blog\/wp-json\/wp\/v2\/types\/post"}],"author":[{"embeddable":true,"href":"https:\/\/www.intelisis.com\/blog\/wp-json\/wp\/v2\/users\/24"}],"replies":[{"embeddable":true,"href":"https:\/\/www.intelisis.com\/blog\/wp-json\/wp\/v2\/comments?post=5345"}],"version-history":[{"count":1,"href":"https:\/\/www.intelisis.com\/blog\/wp-json\/wp\/v2\/posts\/5345\/revisions"}],"predecessor-version":[{"id":5349,"href":"https:\/\/www.intelisis.com\/blog\/wp-json\/wp\/v2\/posts\/5345\/revisions\/5349"}],"wp:featuredmedia":[{"embeddable":true,"href":"https:\/\/www.intelisis.com\/blog\/wp-json\/wp\/v2\/media\/5348"}],"wp:attachment":[{"href":"https:\/\/www.intelisis.com\/blog\/wp-json\/wp\/v2\/media?parent=5345"}],"wp:term":[{"taxonomy":"category","embeddable":true,"href":"https:\/\/www.intelisis.com\/blog\/wp-json\/wp\/v2\/categories?post=5345"},{"taxonomy":"post_tag","embeddable":true,"href":"https:\/\/www.intelisis.com\/blog\/wp-json\/wp\/v2\/tags?post=5345"}],"curies":[{"name":"wp","href":"https:\/\/api.w.org\/{rel}","templated":true}]}}