{"id":657,"date":"2018-04-30T12:41:47","date_gmt":"2018-04-30T17:41:47","guid":{"rendered":"http:\/\/intelisis.com\/blog\/?p=657"},"modified":"2018-05-07T09:30:22","modified_gmt":"2018-05-07T14:30:22","slug":"mexico-como-aliado-de-innovacion-industrial","status":"publish","type":"post","link":"https:\/\/www.intelisis.com\/blog\/mexico-como-aliado-de-innovacion-industrial\/","title":{"rendered":"M\u00e9xico como aliado de innovaci\u00f3n industrial"},"content":{"rendered":"<p class=\"p1\"><span class=\"s1\">M\u00e9xico es el primer pa\u00eds de Am\u00e9rica Latina en ser invitado como socio a la feria, pues se ha convertido en un importante receptor de inversiones, sobre todo a la industria automotriz en donde el pa\u00eds se ha propuesto alcanzar la marca de los 5 millones de autom\u00f3viles producidos en 2020, con lo que se convertir\u00eda en el 5\u00b0 productor a nivel mundial.\u00a0<\/span><\/p>\n<p>Durante este evento se dan cita anualmente empresas especializadas en la automatizaci\u00f3n de procesos industriales a trav\u00e9s de la inteligencia artificial, en equipamiento, software y servicios industriales en una amplia gama de tecnolog\u00edas energ\u00e9ticas, as\u00ed como en rob\u00f3tica y en tecnolog\u00edas 4.0. A<span class=\"s1\">s\u00ed mismo, en la inauguraci\u00f3n de la feria se pudo ver participar al Presidente Enrique Pe\u00f1a Nieto acompa\u00f1ado de\u00a0 la Canciller Alemana, Angela Merkel.<\/span><\/p>\n<p class=\"p3\"><span class=\"s1\">Los principales atractivos de M\u00e9xico hacia los pa\u00edses europeos son sus elevados niveles de crecimiento y bajos salarios; la industria automotriz Alemana se convirti\u00f3 en la puerta de entrada para poder cerrar este tipo de proyectos, pues ha logrado llevar tanto a sus propios proveedores como a otros sectores industriales a establecerse en nuestro pa\u00eds.<\/span><\/p>\n<p class=\"p1\"><span class=\"s1\">Algunos de los prop\u00f3sitos de la participaci\u00f3n de M\u00e9xico en Hannover Messe 2018 fueron conocer lo que otras naciones l\u00edderes est\u00e1n haciendo y<span class=\"Apple-converted-space\">\u00a0 <\/span>consolidar la estrategia para posicionar al pa\u00eds como l\u00edder en industria 4.0.<span class=\"Apple-converted-space\">\u00a0 <\/span>M\u00e9xico consigui\u00f3 siete proyectos de inversi\u00f3n durante la feria industrial de Hannover, los cuales superan los 700 millones de d\u00f3lares, se\u00f1al\u00f3 Prom\u00e9xico.<\/span><\/p>\n<p class=\"p1\"><span class=\"s1\">Entre estos proyectos se encuentra la inversi\u00f3n de la empresa farmac\u00e9utica, Sanofi, en el Estado de M\u00e9xico, por 129 millones de euros, Streit Groupe en Guanajuato, la empresa italiana Fratelli Poli, enfocada a temas comerciales, de ingenier\u00eda y manufactura en Aguascalientes, por mencionar algunos.<\/span><\/p>\n<p class=\"p3\"><span class=\"s1\">El director general de Deutsche Messe, Jochen K\u00f6ckler, asegur\u00f3 que M\u00e9xico fue \u201cun magn\u00edfico pa\u00eds invitado y tuvo una hist\u00f3rica participaci\u00f3n\u201d, ya que fue el quinto pa\u00eds con m\u00e1s visitantes en la feria dentro de sus diferentes pabellones.<\/span><\/p>\n\n\n<div class=\"kk-star-ratings kksr-auto kksr-align-center kksr-valign-bottom\"\n    data-payload='{&quot;align&quot;:&quot;center&quot;,&quot;id&quot;:&quot;657&quot;,&quot;slug&quot;:&quot;default&quot;,&quot;valign&quot;:&quot;bottom&quot;,&quot;ignore&quot;:&quot;&quot;,&quot;reference&quot;:&quot;auto&quot;,&quot;class&quot;:&quot;&quot;,&quot;count&quot;:&quot;0&quot;,&quot;legendonly&quot;:&quot;&quot;,&quot;readonly&quot;:&quot;&quot;,&quot;score&quot;:&quot;0&quot;,&quot;starsonly&quot;:&quot;&quot;,&quot;best&quot;:&quot;5&quot;,&quot;gap&quot;:&quot;5&quot;,&quot;greet&quot;:&quot;Califica post&quot;,&quot;legend&quot;:&quot;0\\\/5 - (0 votes)&quot;,&quot;size&quot;:&quot;15&quot;,&quot;title&quot;:&quot;M\u00e9xico como aliado de innovaci\u00f3n industrial&quot;,&quot;width&quot;:&quot;0&quot;,&quot;_legend&quot;:&quot;{score}\\\/{best} - ({count} {votes})&quot;,&quot;font_factor&quot;:&quot;1.25&quot;}'>\n            \n<div class=\"kksr-stars\">\n    \n<div class=\"kksr-stars-inactive\">\n            <div class=\"kksr-star\" data-star=\"1\" style=\"padding-right: 5px\">\n            \n\n<div class=\"kksr-icon\" style=\"width: 15px; height: 15px;\"><\/div>\n        <\/div>\n            <div class=\"kksr-star\" data-star=\"2\" style=\"padding-right: 5px\">\n            \n\n<div class=\"kksr-icon\" style=\"width: 15px; height: 15px;\"><\/div>\n        <\/div>\n            <div class=\"kksr-star\" data-star=\"3\" style=\"padding-right: 5px\">\n            \n\n<div class=\"kksr-icon\" style=\"width: 15px; height: 15px;\"><\/div>\n        <\/div>\n            <div class=\"kksr-star\" data-star=\"4\" style=\"padding-right: 5px\">\n            \n\n<div class=\"kksr-icon\" style=\"width: 15px; height: 15px;\"><\/div>\n        <\/div>\n            <div class=\"kksr-star\" data-star=\"5\" style=\"padding-right: 5px\">\n            \n\n<div class=\"kksr-icon\" style=\"width: 15px; height: 15px;\"><\/div>\n        <\/div>\n    <\/div>\n    \n<div class=\"kksr-stars-active\" style=\"width: 0px;\">\n            <div class=\"kksr-star\" style=\"padding-right: 5px\">\n            \n\n<div class=\"kksr-icon\" style=\"width: 15px; height: 15px;\"><\/div>\n        <\/div>\n            <div class=\"kksr-star\" style=\"padding-right: 5px\">\n            \n\n<div class=\"kksr-icon\" style=\"width: 15px; height: 15px;\"><\/div>\n        <\/div>\n            <div class=\"kksr-star\" style=\"padding-right: 5px\">\n            \n\n<div class=\"kksr-icon\" style=\"width: 15px; height: 15px;\"><\/div>\n        <\/div>\n            <div class=\"kksr-star\" style=\"padding-right: 5px\">\n            \n\n<div class=\"kksr-icon\" style=\"width: 15px; height: 15px;\"><\/div>\n        <\/div>\n            <div class=\"kksr-star\" style=\"padding-right: 5px\">\n            \n\n<div class=\"kksr-icon\" style=\"width: 15px; height: 15px;\"><\/div>\n        <\/div>\n    <\/div>\n<\/div>\n                \n\n<div class=\"kksr-legend\" style=\"font-size: 12px;\">\n            <span class=\"kksr-muted\">Califica post<\/span>\n    <\/div>\n    <\/div>\n","protected":false},"excerpt":{"rendered":"<p>M\u00e9xico es el primer pa\u00eds de Am\u00e9rica Latina en ser invitado como socio a la feria, pues se ha convertido en un importante receptor de inversiones, sobre todo a la industria automotriz en donde el pa\u00eds se ha propuesto alcanzar la marca de los 5 millones de autom\u00f3viles producidos en 2020, con lo que se [&hellip;]<\/p>\n","protected":false},"author":3,"featured_media":687,"comment_status":"open","ping_status":"closed","sticky":false,"template":"","format":"standard","meta":{"footnotes":""},"categories":[1],"tags":[171,46,76,16,172],"class_list":["post-657","post","type-post","status-publish","format-standard","has-post-thumbnail","hentry","category-tecnologia","tag-feria-hannover","tag-industria-4-0","tag-industria-mexico","tag-mexico","tag-revolucion-industrial"],"aioseo_notices":[],"yoast_head":"<!-- This site is optimized with the Yoast SEO Premium plugin v27.4 (Yoast SEO v27.5) - https:\/\/yoast.com\/product\/yoast-seo-premium-wordpress\/ -->\n<title>M\u00e9xico como aliado de innovaci\u00f3n industrial - Intelisis Blog<\/title>\n<meta name=\"robots\" content=\"index, follow, max-snippet:-1, max-image-preview:large, max-video-preview:-1\" \/>\n<link rel=\"canonical\" href=\"https:\/\/www.intelisis.com\/blog\/mexico-como-aliado-de-innovacion-industrial\/\" \/>\n<meta property=\"og:locale\" content=\"es_MX\" \/>\n<meta property=\"og:type\" content=\"article\" \/>\n<meta property=\"og:title\" content=\"M\u00e9xico como aliado de innovaci\u00f3n industrial\" \/>\n<meta property=\"og:description\" content=\"M\u00e9xico es el primer pa\u00eds de Am\u00e9rica Latina en ser invitado como socio a la feria, pues se ha convertido en un importante receptor de inversiones, sobre todo a la industria automotriz en donde el pa\u00eds se ha propuesto alcanzar la marca de los 5 millones de autom\u00f3viles producidos en 2020, con lo que se [&hellip;]\" \/>\n<meta property=\"og:url\" content=\"https:\/\/www.intelisis.com\/blog\/mexico-como-aliado-de-innovacion-industrial\/\" \/>\n<meta property=\"og:site_name\" content=\"Intelisis Blog\" \/>\n<meta property=\"article:publisher\" content=\"https:\/\/www.facebook.com\/Intelisis\/\" \/>\n<meta property=\"article:published_time\" content=\"2018-04-30T17:41:47+00:00\" \/>\n<meta property=\"article:modified_time\" content=\"2018-05-07T14:30:22+00:00\" \/>\n<meta property=\"og:image\" content=\"https:\/\/www.intelisis.com\/blog\/wp-content\/uploads\/2018\/04\/Enrique-pen\u0303a-y-merker.png\" \/>\n\t<meta property=\"og:image:width\" content=\"1024\" \/>\n\t<meta property=\"og:image:height\" content=\"512\" \/>\n\t<meta property=\"og:image:type\" content=\"image\/png\" \/>\n<meta name=\"author\" content=\"IntelisisMx\" \/>\n<meta name=\"twitter:card\" content=\"summary_large_image\" \/>\n<meta name=\"twitter:creator\" content=\"@IntelisisCorp\" \/>\n<meta name=\"twitter:site\" content=\"@IntelisisCorp\" \/>\n<meta name=\"twitter:label1\" content=\"Escrito por\" \/>\n\t<meta name=\"twitter:data1\" content=\"IntelisisMx\" \/>\n\t<meta name=\"twitter:label2\" content=\"Tiempo de lectura\" \/>\n\t<meta name=\"twitter:data2\" content=\"2 minutos\" \/>\n<script type=\"application\/ld+json\" class=\"yoast-schema-graph\">{\"@context\":\"https:\\\/\\\/schema.org\",\"@graph\":[{\"@type\":\"Article\",\"@id\":\"https:\\\/\\\/www.intelisis.com\\\/blog\\\/mexico-como-aliado-de-innovacion-industrial\\\/#article\",\"isPartOf\":{\"@id\":\"https:\\\/\\\/www.intelisis.com\\\/blog\\\/mexico-como-aliado-de-innovacion-industrial\\\/\"},\"author\":{\"name\":\"IntelisisMx\",\"@id\":\"https:\\\/\\\/www.intelisis.com\\\/blog\\\/#\\\/schema\\\/person\\\/f6b0fe69076f2e97113f967cfc2f385f\"},\"headline\":\"M\u00e9xico como aliado de innovaci\u00f3n industrial\",\"datePublished\":\"2018-04-30T17:41:47+00:00\",\"dateModified\":\"2018-05-07T14:30:22+00:00\",\"mainEntityOfPage\":{\"@id\":\"https:\\\/\\\/www.intelisis.com\\\/blog\\\/mexico-como-aliado-de-innovacion-industrial\\\/\"},\"wordCount\":365,\"commentCount\":0,\"publisher\":{\"@id\":\"https:\\\/\\\/www.intelisis.com\\\/blog\\\/#organization\"},\"image\":{\"@id\":\"https:\\\/\\\/www.intelisis.com\\\/blog\\\/mexico-como-aliado-de-innovacion-industrial\\\/#primaryimage\"},\"thumbnailUrl\":\"https:\\\/\\\/www.intelisis.com\\\/blog\\\/wp-content\\\/uploads\\\/2018\\\/04\\\/Enrique-pen\u0303a-y-merker.png\",\"keywords\":[\"Feria Hannover\",\"Industria 4.0\",\"industria mexico\",\"M\u00e9xico\",\"Revoluci\u00f3n industrial\"],\"articleSection\":[\"Tecnolog\u00eda\"],\"inLanguage\":\"es\",\"potentialAction\":[{\"@type\":\"CommentAction\",\"name\":\"Comment\",\"target\":[\"https:\\\/\\\/www.intelisis.com\\\/blog\\\/mexico-como-aliado-de-innovacion-industrial\\\/#respond\"]}]},{\"@type\":\"WebPage\",\"@id\":\"https:\\\/\\\/www.intelisis.com\\\/blog\\\/mexico-como-aliado-de-innovacion-industrial\\\/\",\"url\":\"https:\\\/\\\/www.intelisis.com\\\/blog\\\/mexico-como-aliado-de-innovacion-industrial\\\/\",\"name\":\"M\u00e9xico como aliado de innovaci\u00f3n industrial - Intelisis Blog\",\"isPartOf\":{\"@id\":\"https:\\\/\\\/www.intelisis.com\\\/blog\\\/#website\"},\"primaryImageOfPage\":{\"@id\":\"https:\\\/\\\/www.intelisis.com\\\/blog\\\/mexico-como-aliado-de-innovacion-industrial\\\/#primaryimage\"},\"image\":{\"@id\":\"https:\\\/\\\/www.intelisis.com\\\/blog\\\/mexico-como-aliado-de-innovacion-industrial\\\/#primaryimage\"},\"thumbnailUrl\":\"https:\\\/\\\/www.intelisis.com\\\/blog\\\/wp-content\\\/uploads\\\/2018\\\/04\\\/Enrique-pen\u0303a-y-merker.png\",\"datePublished\":\"2018-04-30T17:41:47+00:00\",\"dateModified\":\"2018-05-07T14:30:22+00:00\",\"breadcrumb\":{\"@id\":\"https:\\\/\\\/www.intelisis.com\\\/blog\\\/mexico-como-aliado-de-innovacion-industrial\\\/#breadcrumb\"},\"inLanguage\":\"es\",\"potentialAction\":[{\"@type\":\"ReadAction\",\"target\":[\"https:\\\/\\\/www.intelisis.com\\\/blog\\\/mexico-como-aliado-de-innovacion-industrial\\\/\"]}]},{\"@type\":\"ImageObject\",\"inLanguage\":\"es\",\"@id\":\"https:\\\/\\\/www.intelisis.com\\\/blog\\\/mexico-como-aliado-de-innovacion-industrial\\\/#primaryimage\",\"url\":\"https:\\\/\\\/www.intelisis.com\\\/blog\\\/wp-content\\\/uploads\\\/2018\\\/04\\\/Enrique-pen\u0303a-y-merker.png\",\"contentUrl\":\"https:\\\/\\\/www.intelisis.com\\\/blog\\\/wp-content\\\/uploads\\\/2018\\\/04\\\/Enrique-pen\u0303a-y-merker.png\",\"width\":1024,\"height\":512},{\"@type\":\"BreadcrumbList\",\"@id\":\"https:\\\/\\\/www.intelisis.com\\\/blog\\\/mexico-como-aliado-de-innovacion-industrial\\\/#breadcrumb\",\"itemListElement\":[{\"@type\":\"ListItem\",\"position\":1,\"name\":\"Inicio\",\"item\":\"https:\\\/\\\/www.intelisis.com\\\/blog\\\/\"},{\"@type\":\"ListItem\",\"position\":2,\"name\":\"M\u00e9xico como aliado de innovaci\u00f3n industrial\"}]},{\"@type\":\"WebSite\",\"@id\":\"https:\\\/\\\/www.intelisis.com\\\/blog\\\/#website\",\"url\":\"https:\\\/\\\/www.intelisis.com\\\/blog\\\/\",\"name\":\"Blog Intelisis Software\",\"description\":\"Informaci&oacute;n de valor sobre ERP y tendencias tecnol&oacute;gicas\",\"publisher\":{\"@id\":\"https:\\\/\\\/www.intelisis.com\\\/blog\\\/#organization\"},\"potentialAction\":[{\"@type\":\"SearchAction\",\"target\":{\"@type\":\"EntryPoint\",\"urlTemplate\":\"https:\\\/\\\/www.intelisis.com\\\/blog\\\/?s={search_term_string}\"},\"query-input\":{\"@type\":\"PropertyValueSpecification\",\"valueRequired\":true,\"valueName\":\"search_term_string\"}}],\"inLanguage\":\"es\"},{\"@type\":\"Organization\",\"@id\":\"https:\\\/\\\/www.intelisis.com\\\/blog\\\/#organization\",\"name\":\"Intelisis Software\",\"url\":\"https:\\\/\\\/www.intelisis.com\\\/blog\\\/\",\"logo\":{\"@type\":\"ImageObject\",\"inLanguage\":\"es\",\"@id\":\"https:\\\/\\\/www.intelisis.com\\\/blog\\\/#\\\/schema\\\/logo\\\/image\\\/\",\"url\":\"https:\\\/\\\/www.intelisis.com\\\/blog\\\/wp-content\\\/uploads\\\/2023\\\/08\\\/logo_intelisis_.png\",\"contentUrl\":\"https:\\\/\\\/www.intelisis.com\\\/blog\\\/wp-content\\\/uploads\\\/2023\\\/08\\\/logo_intelisis_.png\",\"width\":1133,\"height\":326,\"caption\":\"Intelisis Software\"},\"image\":{\"@id\":\"https:\\\/\\\/www.intelisis.com\\\/blog\\\/#\\\/schema\\\/logo\\\/image\\\/\"},\"sameAs\":[\"https:\\\/\\\/www.facebook.com\\\/Intelisis\\\/\",\"https:\\\/\\\/x.com\\\/IntelisisCorp\",\"https:\\\/\\\/www.linkedin.com\\\/company\\\/intelisis-sa-de-cv\\\/\",\"https:\\\/\\\/www.youtube.com\\\/channel\\\/UCRFKIq10T-foPWN4hN2Jhrg\"]},{\"@type\":\"Person\",\"@id\":\"https:\\\/\\\/www.intelisis.com\\\/blog\\\/#\\\/schema\\\/person\\\/f6b0fe69076f2e97113f967cfc2f385f\",\"name\":\"IntelisisMx\",\"image\":{\"@type\":\"ImageObject\",\"inLanguage\":\"es\",\"@id\":\"https:\\\/\\\/secure.gravatar.com\\\/avatar\\\/3a62493c8f0a6cbeb44a5e9891b59832a8bb99768ef172a0b427705b1b2c0fb4?s=96&d=mm&r=g\",\"url\":\"https:\\\/\\\/secure.gravatar.com\\\/avatar\\\/3a62493c8f0a6cbeb44a5e9891b59832a8bb99768ef172a0b427705b1b2c0fb4?s=96&d=mm&r=g\",\"contentUrl\":\"https:\\\/\\\/secure.gravatar.com\\\/avatar\\\/3a62493c8f0a6cbeb44a5e9891b59832a8bb99768ef172a0b427705b1b2c0fb4?s=96&d=mm&r=g\",\"caption\":\"IntelisisMx\"}}]}<\/script>\n<!-- \/ Yoast SEO Premium plugin. -->","yoast_head_json":{"title":"M\u00e9xico como aliado de innovaci\u00f3n industrial - Intelisis Blog","robots":{"index":"index","follow":"follow","max-snippet":"max-snippet:-1","max-image-preview":"max-image-preview:large","max-video-preview":"max-video-preview:-1"},"canonical":"https:\/\/www.intelisis.com\/blog\/mexico-como-aliado-de-innovacion-industrial\/","og_locale":"es_MX","og_type":"article","og_title":"M\u00e9xico como aliado de innovaci\u00f3n industrial","og_description":"M\u00e9xico es el primer pa\u00eds de Am\u00e9rica Latina en ser invitado como socio a la feria, pues se ha convertido en un importante receptor de inversiones, sobre todo a la industria automotriz en donde el pa\u00eds se ha propuesto alcanzar la marca de los 5 millones de autom\u00f3viles producidos en 2020, con lo que se [&hellip;]","og_url":"https:\/\/www.intelisis.com\/blog\/mexico-como-aliado-de-innovacion-industrial\/","og_site_name":"Intelisis Blog","article_publisher":"https:\/\/www.facebook.com\/Intelisis\/","article_published_time":"2018-04-30T17:41:47+00:00","article_modified_time":"2018-05-07T14:30:22+00:00","og_image":[{"width":1024,"height":512,"url":"https:\/\/www.intelisis.com\/blog\/wp-content\/uploads\/2018\/04\/Enrique-pen\u0303a-y-merker.png","type":"image\/png"}],"author":"IntelisisMx","twitter_card":"summary_large_image","twitter_creator":"@IntelisisCorp","twitter_site":"@IntelisisCorp","twitter_misc":{"Escrito por":"IntelisisMx","Tiempo de lectura":"2 minutos"},"schema":{"@context":"https:\/\/schema.org","@graph":[{"@type":"Article","@id":"https:\/\/www.intelisis.com\/blog\/mexico-como-aliado-de-innovacion-industrial\/#article","isPartOf":{"@id":"https:\/\/www.intelisis.com\/blog\/mexico-como-aliado-de-innovacion-industrial\/"},"author":{"name":"IntelisisMx","@id":"https:\/\/www.intelisis.com\/blog\/#\/schema\/person\/f6b0fe69076f2e97113f967cfc2f385f"},"headline":"M\u00e9xico como aliado de innovaci\u00f3n industrial","datePublished":"2018-04-30T17:41:47+00:00","dateModified":"2018-05-07T14:30:22+00:00","mainEntityOfPage":{"@id":"https:\/\/www.intelisis.com\/blog\/mexico-como-aliado-de-innovacion-industrial\/"},"wordCount":365,"commentCount":0,"publisher":{"@id":"https:\/\/www.intelisis.com\/blog\/#organization"},"image":{"@id":"https:\/\/www.intelisis.com\/blog\/mexico-como-aliado-de-innovacion-industrial\/#primaryimage"},"thumbnailUrl":"https:\/\/www.intelisis.com\/blog\/wp-content\/uploads\/2018\/04\/Enrique-pen\u0303a-y-merker.png","keywords":["Feria Hannover","Industria 4.0","industria mexico","M\u00e9xico","Revoluci\u00f3n industrial"],"articleSection":["Tecnolog\u00eda"],"inLanguage":"es","potentialAction":[{"@type":"CommentAction","name":"Comment","target":["https:\/\/www.intelisis.com\/blog\/mexico-como-aliado-de-innovacion-industrial\/#respond"]}]},{"@type":"WebPage","@id":"https:\/\/www.intelisis.com\/blog\/mexico-como-aliado-de-innovacion-industrial\/","url":"https:\/\/www.intelisis.com\/blog\/mexico-como-aliado-de-innovacion-industrial\/","name":"M\u00e9xico como aliado de innovaci\u00f3n industrial - Intelisis Blog","isPartOf":{"@id":"https:\/\/www.intelisis.com\/blog\/#website"},"primaryImageOfPage":{"@id":"https:\/\/www.intelisis.com\/blog\/mexico-como-aliado-de-innovacion-industrial\/#primaryimage"},"image":{"@id":"https:\/\/www.intelisis.com\/blog\/mexico-como-aliado-de-innovacion-industrial\/#primaryimage"},"thumbnailUrl":"https:\/\/www.intelisis.com\/blog\/wp-content\/uploads\/2018\/04\/Enrique-pen\u0303a-y-merker.png","datePublished":"2018-04-30T17:41:47+00:00","dateModified":"2018-05-07T14:30:22+00:00","breadcrumb":{"@id":"https:\/\/www.intelisis.com\/blog\/mexico-como-aliado-de-innovacion-industrial\/#breadcrumb"},"inLanguage":"es","potentialAction":[{"@type":"ReadAction","target":["https:\/\/www.intelisis.com\/blog\/mexico-como-aliado-de-innovacion-industrial\/"]}]},{"@type":"ImageObject","inLanguage":"es","@id":"https:\/\/www.intelisis.com\/blog\/mexico-como-aliado-de-innovacion-industrial\/#primaryimage","url":"https:\/\/www.intelisis.com\/blog\/wp-content\/uploads\/2018\/04\/Enrique-pen\u0303a-y-merker.png","contentUrl":"https:\/\/www.intelisis.com\/blog\/wp-content\/uploads\/2018\/04\/Enrique-pen\u0303a-y-merker.png","width":1024,"height":512},{"@type":"BreadcrumbList","@id":"https:\/\/www.intelisis.com\/blog\/mexico-como-aliado-de-innovacion-industrial\/#breadcrumb","itemListElement":[{"@type":"ListItem","position":1,"name":"Inicio","item":"https:\/\/www.intelisis.com\/blog\/"},{"@type":"ListItem","position":2,"name":"M\u00e9xico como aliado de innovaci\u00f3n industrial"}]},{"@type":"WebSite","@id":"https:\/\/www.intelisis.com\/blog\/#website","url":"https:\/\/www.intelisis.com\/blog\/","name":"Blog Intelisis Software","description":"Informaci&oacute;n de valor sobre ERP y tendencias tecnol&oacute;gicas","publisher":{"@id":"https:\/\/www.intelisis.com\/blog\/#organization"},"potentialAction":[{"@type":"SearchAction","target":{"@type":"EntryPoint","urlTemplate":"https:\/\/www.intelisis.com\/blog\/?s={search_term_string}"},"query-input":{"@type":"PropertyValueSpecification","valueRequired":true,"valueName":"search_term_string"}}],"inLanguage":"es"},{"@type":"Organization","@id":"https:\/\/www.intelisis.com\/blog\/#organization","name":"Intelisis Software","url":"https:\/\/www.intelisis.com\/blog\/","logo":{"@type":"ImageObject","inLanguage":"es","@id":"https:\/\/www.intelisis.com\/blog\/#\/schema\/logo\/image\/","url":"https:\/\/www.intelisis.com\/blog\/wp-content\/uploads\/2023\/08\/logo_intelisis_.png","contentUrl":"https:\/\/www.intelisis.com\/blog\/wp-content\/uploads\/2023\/08\/logo_intelisis_.png","width":1133,"height":326,"caption":"Intelisis Software"},"image":{"@id":"https:\/\/www.intelisis.com\/blog\/#\/schema\/logo\/image\/"},"sameAs":["https:\/\/www.facebook.com\/Intelisis\/","https:\/\/x.com\/IntelisisCorp","https:\/\/www.linkedin.com\/company\/intelisis-sa-de-cv\/","https:\/\/www.youtube.com\/channel\/UCRFKIq10T-foPWN4hN2Jhrg"]},{"@type":"Person","@id":"https:\/\/www.intelisis.com\/blog\/#\/schema\/person\/f6b0fe69076f2e97113f967cfc2f385f","name":"IntelisisMx","image":{"@type":"ImageObject","inLanguage":"es","@id":"https:\/\/secure.gravatar.com\/avatar\/3a62493c8f0a6cbeb44a5e9891b59832a8bb99768ef172a0b427705b1b2c0fb4?s=96&d=mm&r=g","url":"https:\/\/secure.gravatar.com\/avatar\/3a62493c8f0a6cbeb44a5e9891b59832a8bb99768ef172a0b427705b1b2c0fb4?s=96&d=mm&r=g","contentUrl":"https:\/\/secure.gravatar.com\/avatar\/3a62493c8f0a6cbeb44a5e9891b59832a8bb99768ef172a0b427705b1b2c0fb4?s=96&d=mm&r=g","caption":"IntelisisMx"}}]}},"amp_enabled":true,"post_mailing_queue_ids":[],"_links":{"self":[{"href":"https:\/\/www.intelisis.com\/blog\/wp-json\/wp\/v2\/posts\/657","targetHints":{"allow":["GET"]}}],"collection":[{"href":"https:\/\/www.intelisis.com\/blog\/wp-json\/wp\/v2\/posts"}],"about":[{"href":"https:\/\/www.intelisis.com\/blog\/wp-json\/wp\/v2\/types\/post"}],"author":[{"embeddable":true,"href":"https:\/\/www.intelisis.com\/blog\/wp-json\/wp\/v2\/users\/3"}],"replies":[{"embeddable":true,"href":"https:\/\/www.intelisis.com\/blog\/wp-json\/wp\/v2\/comments?post=657"}],"version-history":[{"count":2,"href":"https:\/\/www.intelisis.com\/blog\/wp-json\/wp\/v2\/posts\/657\/revisions"}],"predecessor-version":[{"id":660,"href":"https:\/\/www.intelisis.com\/blog\/wp-json\/wp\/v2\/posts\/657\/revisions\/660"}],"wp:featuredmedia":[{"embeddable":true,"href":"https:\/\/www.intelisis.com\/blog\/wp-json\/wp\/v2\/media\/687"}],"wp:attachment":[{"href":"https:\/\/www.intelisis.com\/blog\/wp-json\/wp\/v2\/media?parent=657"}],"wp:term":[{"taxonomy":"category","embeddable":true,"href":"https:\/\/www.intelisis.com\/blog\/wp-json\/wp\/v2\/categories?post=657"},{"taxonomy":"post_tag","embeddable":true,"href":"https:\/\/www.intelisis.com\/blog\/wp-json\/wp\/v2\/tags?post=657"}],"curies":[{"name":"wp","href":"https:\/\/api.w.org\/{rel}","templated":true}]}}