{"id":662,"date":"2018-05-02T12:29:28","date_gmt":"2018-05-02T17:29:28","guid":{"rendered":"http:\/\/intelisis.com\/blog\/?p=662"},"modified":"2022-12-22T10:41:20","modified_gmt":"2022-12-22T16:41:20","slug":"mexico-producira-su-primer-auto-electrico","status":"publish","type":"post","link":"https:\/\/www.intelisis.com\/blog\/mexico-producira-su-primer-auto-electrico\/","title":{"rendered":"M\u00e9xico producir\u00e1 su primer auto el\u00e9ctrico"},"content":{"rendered":"<p class=\"p1\"><span class=\"s1\">Zacua, la primera marca mexicana de autos el\u00e9ctricos en la industria automotriz, anunci\u00f3 el inicio de la producci\u00f3n de las primeras 100 unidades en su nueva planta ubicada en el Parque Industrial de Puebla 2000.<\/span><\/p>\n<p class=\"p1\"><span class=\"s1\">La marca mexicana lanzar\u00e1 en un principio la producci\u00f3n de 100 unidades de sus dos modelos, el M2 y M3. Entre sus especificaciones podemos encontrar una velocidad m\u00e1xima de 85Km\/h,\u00a0 bater\u00eda<span class=\"Apple-converted-space\">\u00a0<\/span>de litio recargable con un tiempo de recarga estimado de 8 horas en su totalidad, una autonom\u00eda de 160km por carga, frenos delanteros y traseros de disco y una transmisi\u00f3n autom\u00e1tica con tres modos de conducci\u00f3n: ECO, Standard y Sprint . <\/span><\/p>\n<p class=\"p1\"><span class=\"s1\">Zacua afirma que sus veh\u00edculos contar\u00e1n con en un principio con un 40% de partes mexicanas,<span class=\"Apple-converted-space\">\u00a0 <\/span>y un 60% de extranjeras, aunque la empresa buscar\u00e1 que a finales de 2019 sean autos 100% mexicanos. El costo de lanzamiento para cualquiera de sus 2 veh\u00edculos es el mismo, 569 mil pesos. <\/span><\/p>\n<p class=\"p1\"><span class=\"s1\">Con la inauguraci\u00f3n de esta planta, Zacua ha contribuido a la generaci\u00f3n de 35 nuevos empleos y una inversi\u00f3n de 80 millones de pesos, a dem\u00e1s se planea contribuir a la disminuci\u00f3n de emisiones CO2 en las ciudades y abrir la visi\u00f3n de los autos electorados en el mercado mexicano.<\/span><\/p>\n\n\n<div class=\"kk-star-ratings kksr-auto kksr-align-center kksr-valign-bottom\"\n    data-payload='{&quot;align&quot;:&quot;center&quot;,&quot;id&quot;:&quot;662&quot;,&quot;slug&quot;:&quot;default&quot;,&quot;valign&quot;:&quot;bottom&quot;,&quot;ignore&quot;:&quot;&quot;,&quot;reference&quot;:&quot;auto&quot;,&quot;class&quot;:&quot;&quot;,&quot;count&quot;:&quot;0&quot;,&quot;legendonly&quot;:&quot;&quot;,&quot;readonly&quot;:&quot;&quot;,&quot;score&quot;:&quot;0&quot;,&quot;starsonly&quot;:&quot;&quot;,&quot;best&quot;:&quot;5&quot;,&quot;gap&quot;:&quot;5&quot;,&quot;greet&quot;:&quot;Califica post&quot;,&quot;legend&quot;:&quot;0\\\/5 - (0 votes)&quot;,&quot;size&quot;:&quot;15&quot;,&quot;title&quot;:&quot;M\u00e9xico producir\u00e1 su primer auto el\u00e9ctrico&quot;,&quot;width&quot;:&quot;0&quot;,&quot;_legend&quot;:&quot;{score}\\\/{best} - ({count} {votes})&quot;,&quot;font_factor&quot;:&quot;1.25&quot;}'>\n            \n<div class=\"kksr-stars\">\n    \n<div class=\"kksr-stars-inactive\">\n            <div class=\"kksr-star\" data-star=\"1\" style=\"padding-right: 5px\">\n            \n\n<div class=\"kksr-icon\" style=\"width: 15px; height: 15px;\"><\/div>\n        <\/div>\n            <div class=\"kksr-star\" data-star=\"2\" style=\"padding-right: 5px\">\n            \n\n<div class=\"kksr-icon\" style=\"width: 15px; height: 15px;\"><\/div>\n        <\/div>\n            <div class=\"kksr-star\" data-star=\"3\" style=\"padding-right: 5px\">\n            \n\n<div class=\"kksr-icon\" style=\"width: 15px; height: 15px;\"><\/div>\n        <\/div>\n            <div class=\"kksr-star\" data-star=\"4\" style=\"padding-right: 5px\">\n            \n\n<div class=\"kksr-icon\" style=\"width: 15px; height: 15px;\"><\/div>\n        <\/div>\n            <div class=\"kksr-star\" data-star=\"5\" style=\"padding-right: 5px\">\n            \n\n<div class=\"kksr-icon\" style=\"width: 15px; height: 15px;\"><\/div>\n        <\/div>\n    <\/div>\n    \n<div class=\"kksr-stars-active\" style=\"width: 0px;\">\n            <div class=\"kksr-star\" style=\"padding-right: 5px\">\n            \n\n<div class=\"kksr-icon\" style=\"width: 15px; height: 15px;\"><\/div>\n        <\/div>\n            <div class=\"kksr-star\" style=\"padding-right: 5px\">\n            \n\n<div class=\"kksr-icon\" style=\"width: 15px; height: 15px;\"><\/div>\n        <\/div>\n            <div class=\"kksr-star\" style=\"padding-right: 5px\">\n            \n\n<div class=\"kksr-icon\" style=\"width: 15px; height: 15px;\"><\/div>\n        <\/div>\n            <div class=\"kksr-star\" style=\"padding-right: 5px\">\n            \n\n<div class=\"kksr-icon\" style=\"width: 15px; height: 15px;\"><\/div>\n        <\/div>\n            <div class=\"kksr-star\" style=\"padding-right: 5px\">\n            \n\n<div class=\"kksr-icon\" style=\"width: 15px; height: 15px;\"><\/div>\n        <\/div>\n    <\/div>\n<\/div>\n                \n\n<div class=\"kksr-legend\" style=\"font-size: 12px;\">\n            <span class=\"kksr-muted\">Califica post<\/span>\n    <\/div>\n    <\/div>\n","protected":false},"excerpt":{"rendered":"<p>Zacua, la primera marca mexicana de autos el\u00e9ctricos en la industria automotriz, anunci\u00f3 el inicio de la producci\u00f3n de las primeras 100 unidades en su nueva planta ubicada en el Parque Industrial de Puebla 2000. La marca mexicana lanzar\u00e1 en un principio la producci\u00f3n de 100 unidades de sus dos modelos, el M2 y M3. [&hellip;]<\/p>\n","protected":false},"author":3,"featured_media":688,"comment_status":"open","ping_status":"closed","sticky":false,"template":"","format":"standard","meta":{"footnotes":""},"categories":[5,748],"tags":[753,174,13,162,73,752,173],"class_list":["post-662","post","type-post","status-publish","format-standard","has-post-thumbnail","hentry","category-automotriz","category-intelisis-erp-software","tag-automatizacion-de-negocios","tag-autos-electricos","tag-erp","tag-gestion-empresarial","tag-industria-automotriz","tag-sistemas-de-administracion-empresariales","tag-zacua"],"aioseo_notices":[],"yoast_head":"<!-- This site is optimized with the Yoast SEO Premium plugin v27.4 (Yoast SEO v27.5) - https:\/\/yoast.com\/product\/yoast-seo-premium-wordpress\/ -->\n<title>M\u00e9xico producir\u00e1 su primer auto el\u00e9ctrico - Intelisis Blog<\/title>\n<meta name=\"robots\" content=\"index, follow, max-snippet:-1, max-image-preview:large, max-video-preview:-1\" \/>\n<link rel=\"canonical\" href=\"https:\/\/www.intelisis.com\/blog\/mexico-producira-su-primer-auto-electrico\/\" \/>\n<meta property=\"og:locale\" content=\"es_MX\" \/>\n<meta property=\"og:type\" content=\"article\" \/>\n<meta property=\"og:title\" content=\"M\u00e9xico producir\u00e1 su primer auto el\u00e9ctrico\" \/>\n<meta property=\"og:description\" content=\"Zacua, la primera marca mexicana de autos el\u00e9ctricos en la industria automotriz, anunci\u00f3 el inicio de la producci\u00f3n de las primeras 100 unidades en su nueva planta ubicada en el Parque Industrial de Puebla 2000. La marca mexicana lanzar\u00e1 en un principio la producci\u00f3n de 100 unidades de sus dos modelos, el M2 y M3. [&hellip;]\" \/>\n<meta property=\"og:url\" content=\"https:\/\/www.intelisis.com\/blog\/mexico-producira-su-primer-auto-electrico\/\" \/>\n<meta property=\"og:site_name\" content=\"Intelisis Blog\" \/>\n<meta property=\"article:publisher\" content=\"https:\/\/www.facebook.com\/Intelisis\/\" \/>\n<meta property=\"article:published_time\" content=\"2018-05-02T17:29:28+00:00\" \/>\n<meta property=\"article:modified_time\" content=\"2022-12-22T16:41:20+00:00\" \/>\n<meta property=\"og:image\" content=\"https:\/\/www.intelisis.com\/blog\/wp-content\/uploads\/2018\/05\/Auto-electrico-mexicano.jpg\" \/>\n\t<meta property=\"og:image:width\" content=\"1024\" \/>\n\t<meta property=\"og:image:height\" content=\"512\" \/>\n\t<meta property=\"og:image:type\" content=\"image\/jpeg\" \/>\n<meta name=\"author\" content=\"IntelisisMx\" \/>\n<meta name=\"twitter:card\" content=\"summary_large_image\" \/>\n<meta name=\"twitter:creator\" content=\"@IntelisisCorp\" \/>\n<meta name=\"twitter:site\" content=\"@IntelisisCorp\" \/>\n<meta name=\"twitter:label1\" content=\"Escrito por\" \/>\n\t<meta name=\"twitter:data1\" content=\"IntelisisMx\" \/>\n\t<meta name=\"twitter:label2\" content=\"Tiempo de lectura\" \/>\n\t<meta name=\"twitter:data2\" content=\"1 minuto\" \/>\n<script type=\"application\/ld+json\" class=\"yoast-schema-graph\">{\"@context\":\"https:\\\/\\\/schema.org\",\"@graph\":[{\"@type\":\"Article\",\"@id\":\"https:\\\/\\\/www.intelisis.com\\\/blog\\\/mexico-producira-su-primer-auto-electrico\\\/#article\",\"isPartOf\":{\"@id\":\"https:\\\/\\\/www.intelisis.com\\\/blog\\\/mexico-producira-su-primer-auto-electrico\\\/\"},\"author\":{\"name\":\"IntelisisMx\",\"@id\":\"https:\\\/\\\/www.intelisis.com\\\/blog\\\/#\\\/schema\\\/person\\\/f6b0fe69076f2e97113f967cfc2f385f\"},\"headline\":\"M\u00e9xico producir\u00e1 su primer auto el\u00e9ctrico\",\"datePublished\":\"2018-05-02T17:29:28+00:00\",\"dateModified\":\"2022-12-22T16:41:20+00:00\",\"mainEntityOfPage\":{\"@id\":\"https:\\\/\\\/www.intelisis.com\\\/blog\\\/mexico-producira-su-primer-auto-electrico\\\/\"},\"wordCount\":221,\"commentCount\":0,\"publisher\":{\"@id\":\"https:\\\/\\\/www.intelisis.com\\\/blog\\\/#organization\"},\"image\":{\"@id\":\"https:\\\/\\\/www.intelisis.com\\\/blog\\\/mexico-producira-su-primer-auto-electrico\\\/#primaryimage\"},\"thumbnailUrl\":\"https:\\\/\\\/www.intelisis.com\\\/blog\\\/wp-content\\\/uploads\\\/2018\\\/05\\\/Auto-electrico-mexicano.jpg\",\"keywords\":[\"Automatizaci\u00f3n de negocios\",\"autos electricos\",\"ERP\",\"Gesti\u00f3n Empresarial\",\"Industria Automotriz\",\"Sistemas de administraci\u00f3n empresariales\",\"zacua\"],\"articleSection\":[\"Automotriz\",\"Intelisis ERP\"],\"inLanguage\":\"es\",\"potentialAction\":[{\"@type\":\"CommentAction\",\"name\":\"Comment\",\"target\":[\"https:\\\/\\\/www.intelisis.com\\\/blog\\\/mexico-producira-su-primer-auto-electrico\\\/#respond\"]}]},{\"@type\":\"WebPage\",\"@id\":\"https:\\\/\\\/www.intelisis.com\\\/blog\\\/mexico-producira-su-primer-auto-electrico\\\/\",\"url\":\"https:\\\/\\\/www.intelisis.com\\\/blog\\\/mexico-producira-su-primer-auto-electrico\\\/\",\"name\":\"M\u00e9xico producir\u00e1 su primer auto el\u00e9ctrico - Intelisis Blog\",\"isPartOf\":{\"@id\":\"https:\\\/\\\/www.intelisis.com\\\/blog\\\/#website\"},\"primaryImageOfPage\":{\"@id\":\"https:\\\/\\\/www.intelisis.com\\\/blog\\\/mexico-producira-su-primer-auto-electrico\\\/#primaryimage\"},\"image\":{\"@id\":\"https:\\\/\\\/www.intelisis.com\\\/blog\\\/mexico-producira-su-primer-auto-electrico\\\/#primaryimage\"},\"thumbnailUrl\":\"https:\\\/\\\/www.intelisis.com\\\/blog\\\/wp-content\\\/uploads\\\/2018\\\/05\\\/Auto-electrico-mexicano.jpg\",\"datePublished\":\"2018-05-02T17:29:28+00:00\",\"dateModified\":\"2022-12-22T16:41:20+00:00\",\"breadcrumb\":{\"@id\":\"https:\\\/\\\/www.intelisis.com\\\/blog\\\/mexico-producira-su-primer-auto-electrico\\\/#breadcrumb\"},\"inLanguage\":\"es\",\"potentialAction\":[{\"@type\":\"ReadAction\",\"target\":[\"https:\\\/\\\/www.intelisis.com\\\/blog\\\/mexico-producira-su-primer-auto-electrico\\\/\"]}]},{\"@type\":\"ImageObject\",\"inLanguage\":\"es\",\"@id\":\"https:\\\/\\\/www.intelisis.com\\\/blog\\\/mexico-producira-su-primer-auto-electrico\\\/#primaryimage\",\"url\":\"https:\\\/\\\/www.intelisis.com\\\/blog\\\/wp-content\\\/uploads\\\/2018\\\/05\\\/Auto-electrico-mexicano.jpg\",\"contentUrl\":\"https:\\\/\\\/www.intelisis.com\\\/blog\\\/wp-content\\\/uploads\\\/2018\\\/05\\\/Auto-electrico-mexicano.jpg\",\"width\":1024,\"height\":512},{\"@type\":\"BreadcrumbList\",\"@id\":\"https:\\\/\\\/www.intelisis.com\\\/blog\\\/mexico-producira-su-primer-auto-electrico\\\/#breadcrumb\",\"itemListElement\":[{\"@type\":\"ListItem\",\"position\":1,\"name\":\"Inicio\",\"item\":\"https:\\\/\\\/www.intelisis.com\\\/blog\\\/\"},{\"@type\":\"ListItem\",\"position\":2,\"name\":\"M\u00e9xico producir\u00e1 su primer auto el\u00e9ctrico\"}]},{\"@type\":\"WebSite\",\"@id\":\"https:\\\/\\\/www.intelisis.com\\\/blog\\\/#website\",\"url\":\"https:\\\/\\\/www.intelisis.com\\\/blog\\\/\",\"name\":\"Blog Intelisis Software\",\"description\":\"Informaci&oacute;n de valor sobre ERP y tendencias tecnol&oacute;gicas\",\"publisher\":{\"@id\":\"https:\\\/\\\/www.intelisis.com\\\/blog\\\/#organization\"},\"potentialAction\":[{\"@type\":\"SearchAction\",\"target\":{\"@type\":\"EntryPoint\",\"urlTemplate\":\"https:\\\/\\\/www.intelisis.com\\\/blog\\\/?s={search_term_string}\"},\"query-input\":{\"@type\":\"PropertyValueSpecification\",\"valueRequired\":true,\"valueName\":\"search_term_string\"}}],\"inLanguage\":\"es\"},{\"@type\":\"Organization\",\"@id\":\"https:\\\/\\\/www.intelisis.com\\\/blog\\\/#organization\",\"name\":\"Intelisis Software\",\"url\":\"https:\\\/\\\/www.intelisis.com\\\/blog\\\/\",\"logo\":{\"@type\":\"ImageObject\",\"inLanguage\":\"es\",\"@id\":\"https:\\\/\\\/www.intelisis.com\\\/blog\\\/#\\\/schema\\\/logo\\\/image\\\/\",\"url\":\"https:\\\/\\\/www.intelisis.com\\\/blog\\\/wp-content\\\/uploads\\\/2023\\\/08\\\/logo_intelisis_.png\",\"contentUrl\":\"https:\\\/\\\/www.intelisis.com\\\/blog\\\/wp-content\\\/uploads\\\/2023\\\/08\\\/logo_intelisis_.png\",\"width\":1133,\"height\":326,\"caption\":\"Intelisis Software\"},\"image\":{\"@id\":\"https:\\\/\\\/www.intelisis.com\\\/blog\\\/#\\\/schema\\\/logo\\\/image\\\/\"},\"sameAs\":[\"https:\\\/\\\/www.facebook.com\\\/Intelisis\\\/\",\"https:\\\/\\\/x.com\\\/IntelisisCorp\",\"https:\\\/\\\/www.linkedin.com\\\/company\\\/intelisis-sa-de-cv\\\/\",\"https:\\\/\\\/www.youtube.com\\\/channel\\\/UCRFKIq10T-foPWN4hN2Jhrg\"]},{\"@type\":\"Person\",\"@id\":\"https:\\\/\\\/www.intelisis.com\\\/blog\\\/#\\\/schema\\\/person\\\/f6b0fe69076f2e97113f967cfc2f385f\",\"name\":\"IntelisisMx\",\"image\":{\"@type\":\"ImageObject\",\"inLanguage\":\"es\",\"@id\":\"https:\\\/\\\/secure.gravatar.com\\\/avatar\\\/3a62493c8f0a6cbeb44a5e9891b59832a8bb99768ef172a0b427705b1b2c0fb4?s=96&d=mm&r=g\",\"url\":\"https:\\\/\\\/secure.gravatar.com\\\/avatar\\\/3a62493c8f0a6cbeb44a5e9891b59832a8bb99768ef172a0b427705b1b2c0fb4?s=96&d=mm&r=g\",\"contentUrl\":\"https:\\\/\\\/secure.gravatar.com\\\/avatar\\\/3a62493c8f0a6cbeb44a5e9891b59832a8bb99768ef172a0b427705b1b2c0fb4?s=96&d=mm&r=g\",\"caption\":\"IntelisisMx\"}}]}<\/script>\n<!-- \/ Yoast SEO Premium plugin. -->","yoast_head_json":{"title":"M\u00e9xico producir\u00e1 su primer auto el\u00e9ctrico - Intelisis Blog","robots":{"index":"index","follow":"follow","max-snippet":"max-snippet:-1","max-image-preview":"max-image-preview:large","max-video-preview":"max-video-preview:-1"},"canonical":"https:\/\/www.intelisis.com\/blog\/mexico-producira-su-primer-auto-electrico\/","og_locale":"es_MX","og_type":"article","og_title":"M\u00e9xico producir\u00e1 su primer auto el\u00e9ctrico","og_description":"Zacua, la primera marca mexicana de autos el\u00e9ctricos en la industria automotriz, anunci\u00f3 el inicio de la producci\u00f3n de las primeras 100 unidades en su nueva planta ubicada en el Parque Industrial de Puebla 2000. La marca mexicana lanzar\u00e1 en un principio la producci\u00f3n de 100 unidades de sus dos modelos, el M2 y M3. [&hellip;]","og_url":"https:\/\/www.intelisis.com\/blog\/mexico-producira-su-primer-auto-electrico\/","og_site_name":"Intelisis Blog","article_publisher":"https:\/\/www.facebook.com\/Intelisis\/","article_published_time":"2018-05-02T17:29:28+00:00","article_modified_time":"2022-12-22T16:41:20+00:00","og_image":[{"width":1024,"height":512,"url":"https:\/\/www.intelisis.com\/blog\/wp-content\/uploads\/2018\/05\/Auto-electrico-mexicano.jpg","type":"image\/jpeg"}],"author":"IntelisisMx","twitter_card":"summary_large_image","twitter_creator":"@IntelisisCorp","twitter_site":"@IntelisisCorp","twitter_misc":{"Escrito por":"IntelisisMx","Tiempo de lectura":"1 minuto"},"schema":{"@context":"https:\/\/schema.org","@graph":[{"@type":"Article","@id":"https:\/\/www.intelisis.com\/blog\/mexico-producira-su-primer-auto-electrico\/#article","isPartOf":{"@id":"https:\/\/www.intelisis.com\/blog\/mexico-producira-su-primer-auto-electrico\/"},"author":{"name":"IntelisisMx","@id":"https:\/\/www.intelisis.com\/blog\/#\/schema\/person\/f6b0fe69076f2e97113f967cfc2f385f"},"headline":"M\u00e9xico producir\u00e1 su primer auto el\u00e9ctrico","datePublished":"2018-05-02T17:29:28+00:00","dateModified":"2022-12-22T16:41:20+00:00","mainEntityOfPage":{"@id":"https:\/\/www.intelisis.com\/blog\/mexico-producira-su-primer-auto-electrico\/"},"wordCount":221,"commentCount":0,"publisher":{"@id":"https:\/\/www.intelisis.com\/blog\/#organization"},"image":{"@id":"https:\/\/www.intelisis.com\/blog\/mexico-producira-su-primer-auto-electrico\/#primaryimage"},"thumbnailUrl":"https:\/\/www.intelisis.com\/blog\/wp-content\/uploads\/2018\/05\/Auto-electrico-mexicano.jpg","keywords":["Automatizaci\u00f3n de negocios","autos electricos","ERP","Gesti\u00f3n Empresarial","Industria Automotriz","Sistemas de administraci\u00f3n empresariales","zacua"],"articleSection":["Automotriz","Intelisis ERP"],"inLanguage":"es","potentialAction":[{"@type":"CommentAction","name":"Comment","target":["https:\/\/www.intelisis.com\/blog\/mexico-producira-su-primer-auto-electrico\/#respond"]}]},{"@type":"WebPage","@id":"https:\/\/www.intelisis.com\/blog\/mexico-producira-su-primer-auto-electrico\/","url":"https:\/\/www.intelisis.com\/blog\/mexico-producira-su-primer-auto-electrico\/","name":"M\u00e9xico producir\u00e1 su primer auto el\u00e9ctrico - Intelisis Blog","isPartOf":{"@id":"https:\/\/www.intelisis.com\/blog\/#website"},"primaryImageOfPage":{"@id":"https:\/\/www.intelisis.com\/blog\/mexico-producira-su-primer-auto-electrico\/#primaryimage"},"image":{"@id":"https:\/\/www.intelisis.com\/blog\/mexico-producira-su-primer-auto-electrico\/#primaryimage"},"thumbnailUrl":"https:\/\/www.intelisis.com\/blog\/wp-content\/uploads\/2018\/05\/Auto-electrico-mexicano.jpg","datePublished":"2018-05-02T17:29:28+00:00","dateModified":"2022-12-22T16:41:20+00:00","breadcrumb":{"@id":"https:\/\/www.intelisis.com\/blog\/mexico-producira-su-primer-auto-electrico\/#breadcrumb"},"inLanguage":"es","potentialAction":[{"@type":"ReadAction","target":["https:\/\/www.intelisis.com\/blog\/mexico-producira-su-primer-auto-electrico\/"]}]},{"@type":"ImageObject","inLanguage":"es","@id":"https:\/\/www.intelisis.com\/blog\/mexico-producira-su-primer-auto-electrico\/#primaryimage","url":"https:\/\/www.intelisis.com\/blog\/wp-content\/uploads\/2018\/05\/Auto-electrico-mexicano.jpg","contentUrl":"https:\/\/www.intelisis.com\/blog\/wp-content\/uploads\/2018\/05\/Auto-electrico-mexicano.jpg","width":1024,"height":512},{"@type":"BreadcrumbList","@id":"https:\/\/www.intelisis.com\/blog\/mexico-producira-su-primer-auto-electrico\/#breadcrumb","itemListElement":[{"@type":"ListItem","position":1,"name":"Inicio","item":"https:\/\/www.intelisis.com\/blog\/"},{"@type":"ListItem","position":2,"name":"M\u00e9xico producir\u00e1 su primer auto el\u00e9ctrico"}]},{"@type":"WebSite","@id":"https:\/\/www.intelisis.com\/blog\/#website","url":"https:\/\/www.intelisis.com\/blog\/","name":"Blog Intelisis Software","description":"Informaci&oacute;n de valor sobre ERP y tendencias tecnol&oacute;gicas","publisher":{"@id":"https:\/\/www.intelisis.com\/blog\/#organization"},"potentialAction":[{"@type":"SearchAction","target":{"@type":"EntryPoint","urlTemplate":"https:\/\/www.intelisis.com\/blog\/?s={search_term_string}"},"query-input":{"@type":"PropertyValueSpecification","valueRequired":true,"valueName":"search_term_string"}}],"inLanguage":"es"},{"@type":"Organization","@id":"https:\/\/www.intelisis.com\/blog\/#organization","name":"Intelisis Software","url":"https:\/\/www.intelisis.com\/blog\/","logo":{"@type":"ImageObject","inLanguage":"es","@id":"https:\/\/www.intelisis.com\/blog\/#\/schema\/logo\/image\/","url":"https:\/\/www.intelisis.com\/blog\/wp-content\/uploads\/2023\/08\/logo_intelisis_.png","contentUrl":"https:\/\/www.intelisis.com\/blog\/wp-content\/uploads\/2023\/08\/logo_intelisis_.png","width":1133,"height":326,"caption":"Intelisis Software"},"image":{"@id":"https:\/\/www.intelisis.com\/blog\/#\/schema\/logo\/image\/"},"sameAs":["https:\/\/www.facebook.com\/Intelisis\/","https:\/\/x.com\/IntelisisCorp","https:\/\/www.linkedin.com\/company\/intelisis-sa-de-cv\/","https:\/\/www.youtube.com\/channel\/UCRFKIq10T-foPWN4hN2Jhrg"]},{"@type":"Person","@id":"https:\/\/www.intelisis.com\/blog\/#\/schema\/person\/f6b0fe69076f2e97113f967cfc2f385f","name":"IntelisisMx","image":{"@type":"ImageObject","inLanguage":"es","@id":"https:\/\/secure.gravatar.com\/avatar\/3a62493c8f0a6cbeb44a5e9891b59832a8bb99768ef172a0b427705b1b2c0fb4?s=96&d=mm&r=g","url":"https:\/\/secure.gravatar.com\/avatar\/3a62493c8f0a6cbeb44a5e9891b59832a8bb99768ef172a0b427705b1b2c0fb4?s=96&d=mm&r=g","contentUrl":"https:\/\/secure.gravatar.com\/avatar\/3a62493c8f0a6cbeb44a5e9891b59832a8bb99768ef172a0b427705b1b2c0fb4?s=96&d=mm&r=g","caption":"IntelisisMx"}}]}},"amp_enabled":true,"post_mailing_queue_ids":[],"_links":{"self":[{"href":"https:\/\/www.intelisis.com\/blog\/wp-json\/wp\/v2\/posts\/662","targetHints":{"allow":["GET"]}}],"collection":[{"href":"https:\/\/www.intelisis.com\/blog\/wp-json\/wp\/v2\/posts"}],"about":[{"href":"https:\/\/www.intelisis.com\/blog\/wp-json\/wp\/v2\/types\/post"}],"author":[{"embeddable":true,"href":"https:\/\/www.intelisis.com\/blog\/wp-json\/wp\/v2\/users\/3"}],"replies":[{"embeddable":true,"href":"https:\/\/www.intelisis.com\/blog\/wp-json\/wp\/v2\/comments?post=662"}],"version-history":[{"count":3,"href":"https:\/\/www.intelisis.com\/blog\/wp-json\/wp\/v2\/posts\/662\/revisions"}],"predecessor-version":[{"id":666,"href":"https:\/\/www.intelisis.com\/blog\/wp-json\/wp\/v2\/posts\/662\/revisions\/666"}],"wp:featuredmedia":[{"embeddable":true,"href":"https:\/\/www.intelisis.com\/blog\/wp-json\/wp\/v2\/media\/688"}],"wp:attachment":[{"href":"https:\/\/www.intelisis.com\/blog\/wp-json\/wp\/v2\/media?parent=662"}],"wp:term":[{"taxonomy":"category","embeddable":true,"href":"https:\/\/www.intelisis.com\/blog\/wp-json\/wp\/v2\/categories?post=662"},{"taxonomy":"post_tag","embeddable":true,"href":"https:\/\/www.intelisis.com\/blog\/wp-json\/wp\/v2\/tags?post=662"}],"curies":[{"name":"wp","href":"https:\/\/api.w.org\/{rel}","templated":true}]}}